{"id":97736,"date":"2022-01-28T13:32:30","date_gmt":"2022-01-28T16:32:30","guid":{"rendered":"https:\/\/compras.tierradelfuego.gob.ar\/?p=97736"},"modified":"2022-01-28T13:34:01","modified_gmt":"2022-01-28T16:34:01","slug":"adjudicacion-contratacion-directa-por-compulsa-abreviada-i-p-v-y-h-no-07-21-raf-23-ee-64-22-2","status":"publish","type":"post","link":"https:\/\/compras.tierradelfuego.gob.ar\/?p=97736","title":{"rendered":"ADJUDICACI\u00d3N CONTRATACION DIRECTA\u00a0 POR COMPULSA ABREVIADA I.P.V. Y H. N\u00ba 07\/21 &#8211; RAF 23 &#8211;\u00a0EE 64\/22"},"content":{"rendered":"<p>ADJUDICACI\u00d3N CONTRATACION DIRECTA\u00a0 POR COMPULSA ABREVIADA I.P.V. Y H. N\u00ba 07\/21 &#8211; RAF 23 &#8211;\u00a0EE 64\/22<\/p>\n<p>DIFUSI\u00d3N: RESOLUCI\u00d3N DE ADJUDICACI\u00d3N : 169\/22<br \/>\nOBJETO DE LA CONTRATACI\u00d3N: CONTRATACI\u00d3N PARA EL DISE\u00d1O, DESARROLLO Y PUBLICACI\u00d3N DE NUEVA SECCI\u00d3N PARA EL SITIO WEB DEL I.P.V.Y H.<\/p>\n<p>\u00c1REA SOLICITANTE: SUB DIRECCI\u00d3N GENERAL DE INFORM\u00c1TICA<\/p>\n<p>&nbsp;<\/p>\n<p><a href=\"https:\/\/compras.tierradelfuego.gob.ar\/wp-content\/uploads\/2022\/01\/res.adjudic.panal_.pdf\">Res.adjudic.panal<\/a><\/p>\n<p>&nbsp;<\/p>\n","protected":false},"excerpt":{"rendered":"<p>ADJUDICACI\u00d3N CONTRATACION DIRECTA\u00a0 POR COMPULSA ABREVIADA I.P.V. Y H. N\u00ba 07\/21 &#8211; RAF 23 &#8211;\u00a0EE 64\/22 DIFUSI\u00d3N: RESOLUCI\u00d3N DE ADJUDICACI\u00d3N : 169\/22 OBJETO DE LA CONTRATACI\u00d3N: CONTRATACI\u00d3N PARA EL DISE\u00d1O, DESARROLLO Y PUBLICACI\u00d3N DE NUEVA SECCI\u00d3N PARA EL SITIO WEB DEL I.P.V.Y H. \u00c1REA SOLICITANTE: SUB DIRECCI\u00d3N GENERAL DE INFORM\u00c1TICA &nbsp; Res.adjudic.panal &nbsp;<\/p>\n","protected":false},"author":17,"featured_media":0,"comment_status":"open","ping_status":"open","sticky":false,"template":"","format":"standard","meta":{"footnotes":""},"categories":[3,6,11,16],"tags":[],"class_list":["post-97736","post","type-post","status-publish","format-standard","hentry","category-compras","category-descargar","category-directa","category-instituto-provincial-de-la-vivienda-ipv"],"_links":{"self":[{"href":"https:\/\/compras.tierradelfuego.gob.ar\/index.php?rest_route=\/wp\/v2\/posts\/97736","targetHints":{"allow":["GET"]}}],"collection":[{"href":"https:\/\/compras.tierradelfuego.gob.ar\/index.php?rest_route=\/wp\/v2\/posts"}],"about":[{"href":"https:\/\/compras.tierradelfuego.gob.ar\/index.php?rest_route=\/wp\/v2\/types\/post"}],"author":[{"embeddable":true,"href":"https:\/\/compras.tierradelfuego.gob.ar\/index.php?rest_route=\/wp\/v2\/users\/17"}],"replies":[{"embeddable":true,"href":"https:\/\/compras.tierradelfuego.gob.ar\/index.php?rest_route=%2Fwp%2Fv2%2Fcomments&post=97736"}],"version-history":[{"count":0,"href":"https:\/\/compras.tierradelfuego.gob.ar\/index.php?rest_route=\/wp\/v2\/posts\/97736\/revisions"}],"wp:attachment":[{"href":"https:\/\/compras.tierradelfuego.gob.ar\/index.php?rest_route=%2Fwp%2Fv2%2Fmedia&parent=97736"}],"wp:term":[{"taxonomy":"category","embeddable":true,"href":"https:\/\/compras.tierradelfuego.gob.ar\/index.php?rest_route=%2Fwp%2Fv2%2Fcategories&post=97736"},{"taxonomy":"post_tag","embeddable":true,"href":"https:\/\/compras.tierradelfuego.gob.ar\/index.php?rest_route=%2Fwp%2Fv2%2Ftags&post=97736"}],"curies":[{"name":"wp","href":"https:\/\/api.w.org\/{rel}","templated":true}]}}