{"id":97087,"date":"2022-01-21T12:13:23","date_gmt":"2022-01-21T15:13:23","guid":{"rendered":"https:\/\/compras.tierradelfuego.gob.ar\/?p=97087"},"modified":"2022-01-21T12:16:36","modified_gmt":"2022-01-21T15:16:36","slug":"preadjudicacion-licitacion-publica-n-02-2021-raf-103","status":"publish","type":"post","link":"https:\/\/compras.tierradelfuego.gob.ar\/?p=97087","title":{"rendered":"PREADJUDICACI\u00d3N-LICITACI\u00d3N P\u00daBLICA N\u00b0 02\/2021 RAF 103"},"content":{"rendered":"<p>ACTA DE LA COMISI\u00d3N DE PREADJUDICACI\u00d3N REFERENTE A LA LICITACI\u00d3N P\u00daBLICA N\u00b0 02\/2021 RAF 103 TRAMITADA MEDIANTE EXPEDIENTE N\u00b0 42675\/2021 \u00abADQUISICI\u00d3N DE CAMIONETAS Y AUTOM\u00d3VILES PARA RENOVAR EL PARQUE AUTOMOTOR IMPULSADA POR LA SUBSECRETARIA DE FLOTA VEHICULAR\u00bb<\/p>\n<p>&nbsp;<\/p>\n<p><a href=\"https:\/\/compras.tierradelfuego.gob.ar\/wp-content\/uploads\/2022\/01\/acta-camionetas1.pdf\">Acta camionetas(1)<\/a><\/p>\n","protected":false},"excerpt":{"rendered":"<p>ACTA DE LA COMISI\u00d3N DE PREADJUDICACI\u00d3N REFERENTE A LA LICITACI\u00d3N P\u00daBLICA N\u00b0 02\/2021 RAF 103 TRAMITADA MEDIANTE EXPEDIENTE N\u00b0 42675\/2021 \u00abADQUISICI\u00d3N DE CAMIONETAS Y AUTOM\u00d3VILES PARA RENOVAR EL PARQUE AUTOMOTOR IMPULSADA POR LA SUBSECRETARIA DE FLOTA VEHICULAR\u00bb &nbsp; Acta camionetas(1)<\/p>\n","protected":false},"author":17,"featured_media":0,"comment_status":"open","ping_status":"open","sticky":false,"template":"","format":"standard","meta":{"footnotes":""},"categories":[3,6,19,162],"tags":[],"class_list":["post-97087","post","type-post","status-publish","format-standard","hentry","category-compras","category-descargar","category-licitacion-publica","category-ministerio-de-finanzas-publicas"],"_links":{"self":[{"href":"https:\/\/compras.tierradelfuego.gob.ar\/index.php?rest_route=\/wp\/v2\/posts\/97087","targetHints":{"allow":["GET"]}}],"collection":[{"href":"https:\/\/compras.tierradelfuego.gob.ar\/index.php?rest_route=\/wp\/v2\/posts"}],"about":[{"href":"https:\/\/compras.tierradelfuego.gob.ar\/index.php?rest_route=\/wp\/v2\/types\/post"}],"author":[{"embeddable":true,"href":"https:\/\/compras.tierradelfuego.gob.ar\/index.php?rest_route=\/wp\/v2\/users\/17"}],"replies":[{"embeddable":true,"href":"https:\/\/compras.tierradelfuego.gob.ar\/index.php?rest_route=%2Fwp%2Fv2%2Fcomments&post=97087"}],"version-history":[{"count":0,"href":"https:\/\/compras.tierradelfuego.gob.ar\/index.php?rest_route=\/wp\/v2\/posts\/97087\/revisions"}],"wp:attachment":[{"href":"https:\/\/compras.tierradelfuego.gob.ar\/index.php?rest_route=%2Fwp%2Fv2%2Fmedia&parent=97087"}],"wp:term":[{"taxonomy":"category","embeddable":true,"href":"https:\/\/compras.tierradelfuego.gob.ar\/index.php?rest_route=%2Fwp%2Fv2%2Fcategories&post=97087"},{"taxonomy":"post_tag","embeddable":true,"href":"https:\/\/compras.tierradelfuego.gob.ar\/index.php?rest_route=%2Fwp%2Fv2%2Ftags&post=97087"}],"curies":[{"name":"wp","href":"https:\/\/api.w.org\/{rel}","templated":true}]}}