{"id":95457,"date":"2021-12-27T15:23:38","date_gmt":"2021-12-27T18:23:38","guid":{"rendered":"https:\/\/compras.tierradelfuego.gob.ar\/?p=95457"},"modified":"2021-12-27T15:24:06","modified_gmt":"2021-12-27T18:24:06","slug":"adjudicacion-compra-directa-n-21-2021-raf-121-expediente-n78736-2021","status":"publish","type":"post","link":"https:\/\/compras.tierradelfuego.gob.ar\/?p=95457","title":{"rendered":"ADJUDICACI\u00d3N COMPRA DIRECTA N\u00b0 21\/2021 RAF 121, EXPEDIENTE N\u00b078736\/2021"},"content":{"rendered":"<p>ADJUDICACI\u00d3N COMPRA DIRECTA N\u00b0 21\/2021 RAF 121, EXPEDIENTE N\u00b078736\/2021<\/p>\n<p>OBJETO: REFERENTE A ADQUISICI\u00d3N DE MUEBLES DE OFICINA DESTINADOS A LA SECRETAR\u00cdA DE INTEGRACI\u00d3N COMUNITARIA, UBICADA EN FRANCISCO MINKIOL N\u00ba 175 DE LA CIUDAD DE RIO GRANDE.<\/p>\n<p>&nbsp;<\/p>\n<p><a href=\"https:\/\/compras.tierradelfuego.gob.ar\/wp-content\/uploads\/2021\/12\/40-Planilla-de-Preadjudicacion.pdf\">40-Planilla de Preadjudicaci\u00f3n<\/a><\/p>\n<p>&nbsp;<\/p>\n<p><a href=\"https:\/\/compras.tierradelfuego.gob.ar\/wp-content\/uploads\/2021\/12\/RESOLUCION-SS.A.C-014-2021.pdf\">RESOLUCION SS.A.C-014-2021<\/a><\/p>\n<p>&nbsp;<\/p>\n<p><a href=\"https:\/\/compras.tierradelfuego.gob.ar\/wp-content\/uploads\/2021\/12\/39-Planilla-comparativa-de-preadjudicacion.pdf\">39-Planilla comparativa de preadjudicaci\u00f2n<\/a><\/p>\n<p>&nbsp;<\/p>\n","protected":false},"excerpt":{"rendered":"<p>ADJUDICACI\u00d3N COMPRA DIRECTA N\u00b0 21\/2021 RAF 121, EXPEDIENTE N\u00b078736\/2021 OBJETO: REFERENTE A ADQUISICI\u00d3N DE MUEBLES DE OFICINA DESTINADOS A LA SECRETAR\u00cdA DE INTEGRACI\u00d3N COMUNITARIA, UBICADA EN FRANCISCO MINKIOL N\u00ba 175 DE LA CIUDAD DE RIO GRANDE. &nbsp; 40-Planilla de Preadjudicaci\u00f3n &nbsp; RESOLUCION SS.A.C-014-2021 &nbsp; 39-Planilla comparativa de preadjudicaci\u00f2n &nbsp;<\/p>\n","protected":false},"author":17,"featured_media":0,"comment_status":"open","ping_status":"open","sticky":false,"template":"","format":"standard","meta":{"footnotes":""},"categories":[3,6,11,165],"tags":[],"class_list":["post-95457","post","type-post","status-publish","format-standard","hentry","category-compras","category-descargar","category-directa","category-secretaria-de-representacion-politica"],"_links":{"self":[{"href":"https:\/\/compras.tierradelfuego.gob.ar\/index.php?rest_route=\/wp\/v2\/posts\/95457","targetHints":{"allow":["GET"]}}],"collection":[{"href":"https:\/\/compras.tierradelfuego.gob.ar\/index.php?rest_route=\/wp\/v2\/posts"}],"about":[{"href":"https:\/\/compras.tierradelfuego.gob.ar\/index.php?rest_route=\/wp\/v2\/types\/post"}],"author":[{"embeddable":true,"href":"https:\/\/compras.tierradelfuego.gob.ar\/index.php?rest_route=\/wp\/v2\/users\/17"}],"replies":[{"embeddable":true,"href":"https:\/\/compras.tierradelfuego.gob.ar\/index.php?rest_route=%2Fwp%2Fv2%2Fcomments&post=95457"}],"version-history":[{"count":0,"href":"https:\/\/compras.tierradelfuego.gob.ar\/index.php?rest_route=\/wp\/v2\/posts\/95457\/revisions"}],"wp:attachment":[{"href":"https:\/\/compras.tierradelfuego.gob.ar\/index.php?rest_route=%2Fwp%2Fv2%2Fmedia&parent=95457"}],"wp:term":[{"taxonomy":"category","embeddable":true,"href":"https:\/\/compras.tierradelfuego.gob.ar\/index.php?rest_route=%2Fwp%2Fv2%2Fcategories&post=95457"},{"taxonomy":"post_tag","embeddable":true,"href":"https:\/\/compras.tierradelfuego.gob.ar\/index.php?rest_route=%2Fwp%2Fv2%2Ftags&post=95457"}],"curies":[{"name":"wp","href":"https:\/\/api.w.org\/{rel}","templated":true}]}}