{"id":93425,"date":"2021-12-09T10:51:08","date_gmt":"2021-12-09T13:51:08","guid":{"rendered":"https:\/\/compras.tierradelfuego.gob.ar\/?p=93425"},"modified":"2021-12-09T10:51:22","modified_gmt":"2021-12-09T13:51:22","slug":"preadjudicacion-licitacion-publica-n-09-21-raf-521","status":"publish","type":"post","link":"https:\/\/compras.tierradelfuego.gob.ar\/?p=93425","title":{"rendered":"PREADJUDICACI\u00d3N &#8211; LICITACI\u00d3N P\u00daBLICA N\u00b0 09\/21 RAF 521"},"content":{"rendered":"<p>ACTA DE PREADJUDICACI\u00d3N DE LA LICITACI\u00d3N P\u00daBLICA N\u00b0 09\/21 RAF 521, TRAMITADA POR EXPTE N\u00b0\u00a0 55607\/21 M.E.C.C.YT., QUE TRAMITA LA CONTRATACI\u00d3N DE UN INMUEBLE EN LA LOCALIDAD DE R\u00cdO GRANDE, DESTINADO AL INSTITUTO PROVINCIAL DE IDIOMAS, DEPENDIENTE DEL MECCYT.<\/p>\n<p>&nbsp;<\/p>\n<p><a href=\"https:\/\/compras.tierradelfuego.gob.ar\/wp-content\/uploads\/2021\/12\/Acta-de-Preadjudicacion-Inmueble-Educacion-RG.pdf\">Acta de Preadjudicaci\u00f3n Inmueble Educaci\u00f3n RG<\/a><\/p>\n","protected":false},"excerpt":{"rendered":"<p>ACTA DE PREADJUDICACI\u00d3N DE LA LICITACI\u00d3N P\u00daBLICA N\u00b0 09\/21 RAF 521, TRAMITADA POR EXPTE N\u00b0\u00a0 55607\/21 M.E.C.C.YT., QUE TRAMITA LA CONTRATACI\u00d3N DE UN INMUEBLE EN LA LOCALIDAD DE R\u00cdO GRANDE, DESTINADO AL INSTITUTO PROVINCIAL DE IDIOMAS, DEPENDIENTE DEL MECCYT. &nbsp; Acta de Preadjudicaci\u00f3n Inmueble Educaci\u00f3n RG<\/p>\n","protected":false},"author":17,"featured_media":0,"comment_status":"open","ping_status":"open","sticky":false,"template":"","format":"standard","meta":{"footnotes":""},"categories":[3,6,19,22],"tags":[],"class_list":["post-93425","post","type-post","status-publish","format-standard","hentry","category-compras","category-descargar","category-licitacion-publica","category-ministerio-de-educacion"],"_links":{"self":[{"href":"https:\/\/compras.tierradelfuego.gob.ar\/index.php?rest_route=\/wp\/v2\/posts\/93425","targetHints":{"allow":["GET"]}}],"collection":[{"href":"https:\/\/compras.tierradelfuego.gob.ar\/index.php?rest_route=\/wp\/v2\/posts"}],"about":[{"href":"https:\/\/compras.tierradelfuego.gob.ar\/index.php?rest_route=\/wp\/v2\/types\/post"}],"author":[{"embeddable":true,"href":"https:\/\/compras.tierradelfuego.gob.ar\/index.php?rest_route=\/wp\/v2\/users\/17"}],"replies":[{"embeddable":true,"href":"https:\/\/compras.tierradelfuego.gob.ar\/index.php?rest_route=%2Fwp%2Fv2%2Fcomments&post=93425"}],"version-history":[{"count":0,"href":"https:\/\/compras.tierradelfuego.gob.ar\/index.php?rest_route=\/wp\/v2\/posts\/93425\/revisions"}],"wp:attachment":[{"href":"https:\/\/compras.tierradelfuego.gob.ar\/index.php?rest_route=%2Fwp%2Fv2%2Fmedia&parent=93425"}],"wp:term":[{"taxonomy":"category","embeddable":true,"href":"https:\/\/compras.tierradelfuego.gob.ar\/index.php?rest_route=%2Fwp%2Fv2%2Fcategories&post=93425"},{"taxonomy":"post_tag","embeddable":true,"href":"https:\/\/compras.tierradelfuego.gob.ar\/index.php?rest_route=%2Fwp%2Fv2%2Ftags&post=93425"}],"curies":[{"name":"wp","href":"https:\/\/api.w.org\/{rel}","templated":true}]}}