{"id":93254,"date":"2021-12-07T09:00:26","date_gmt":"2021-12-07T12:00:26","guid":{"rendered":"https:\/\/compras.tierradelfuego.gob.ar\/?p=93254"},"modified":"2021-12-06T19:57:02","modified_gmt":"2021-12-06T22:57:02","slug":"compra-directa-n-100-21-adquisicion-de-mobiliario-osef","status":"publish","type":"post","link":"https:\/\/compras.tierradelfuego.gob.ar\/?p=93254","title":{"rendered":"COMPRA DIRECTA N\u00b0 100\/21 \u2013 ADQUISICI\u00d3N DE MOBILIARIO. CAJA DE PREVISION SOCIAL."},"content":{"rendered":"<p>COMPRA DIRECTA N\u00b0 100\/21 \u2013 EXPTE. N\u00b0 1584\/251.<\/p>\n<p>OBJETO: ADQUISICI\u00d3N DE MOBILIARIO. CAJA DE PREVISION SOCIAL.<\/p>\n<p>FECHA DE PRESENTACI\u00d3N HASTA EL D\u00cdA 13\/12\/21 &#8211; 13:00 HS.<\/p>\n<p>FECHA DE APERTURA EL D\u00cdA 13\/12\/21\u00a0&#8211; 14:00 HS.<\/p>\n<p><a href=\"https:\/\/compras.tierradelfuego.gob.ar\/wp-content\/uploads\/2021\/12\/SOLICITUD-DE-COTIZACION.pdf\">SOLICITUD DE COTIZACION<\/a><\/p>\n<p>&nbsp;<\/p>\n<p>&nbsp;<\/p>\n","protected":false},"excerpt":{"rendered":"<p>COMPRA DIRECTA N\u00b0 100\/21 \u2013 EXPTE. N\u00b0 1584\/251. OBJETO: ADQUISICI\u00d3N DE MOBILIARIO. CAJA DE PREVISION SOCIAL. FECHA DE PRESENTACI\u00d3N HASTA EL D\u00cdA 13\/12\/21 &#8211; 13:00 HS. FECHA DE APERTURA EL D\u00cdA 13\/12\/21\u00a0&#8211; 14:00 HS. SOLICITUD DE COTIZACION &nbsp; &nbsp;<\/p>\n","protected":false},"author":20,"featured_media":0,"comment_status":"open","ping_status":"open","sticky":false,"template":"","format":"standard","meta":{"footnotes":""},"categories":[133,3,11],"tags":[],"class_list":["post-93254","post","type-post","status-publish","format-standard","hentry","category-caja-de-prevision-social","category-compras","category-directa"],"_links":{"self":[{"href":"https:\/\/compras.tierradelfuego.gob.ar\/index.php?rest_route=\/wp\/v2\/posts\/93254","targetHints":{"allow":["GET"]}}],"collection":[{"href":"https:\/\/compras.tierradelfuego.gob.ar\/index.php?rest_route=\/wp\/v2\/posts"}],"about":[{"href":"https:\/\/compras.tierradelfuego.gob.ar\/index.php?rest_route=\/wp\/v2\/types\/post"}],"author":[{"embeddable":true,"href":"https:\/\/compras.tierradelfuego.gob.ar\/index.php?rest_route=\/wp\/v2\/users\/20"}],"replies":[{"embeddable":true,"href":"https:\/\/compras.tierradelfuego.gob.ar\/index.php?rest_route=%2Fwp%2Fv2%2Fcomments&post=93254"}],"version-history":[{"count":0,"href":"https:\/\/compras.tierradelfuego.gob.ar\/index.php?rest_route=\/wp\/v2\/posts\/93254\/revisions"}],"wp:attachment":[{"href":"https:\/\/compras.tierradelfuego.gob.ar\/index.php?rest_route=%2Fwp%2Fv2%2Fmedia&parent=93254"}],"wp:term":[{"taxonomy":"category","embeddable":true,"href":"https:\/\/compras.tierradelfuego.gob.ar\/index.php?rest_route=%2Fwp%2Fv2%2Fcategories&post=93254"},{"taxonomy":"post_tag","embeddable":true,"href":"https:\/\/compras.tierradelfuego.gob.ar\/index.php?rest_route=%2Fwp%2Fv2%2Ftags&post=93254"}],"curies":[{"name":"wp","href":"https:\/\/api.w.org\/{rel}","templated":true}]}}