{"id":90949,"date":"2021-11-19T11:58:25","date_gmt":"2021-11-19T14:58:25","guid":{"rendered":"https:\/\/compras.tierradelfuego.gob.ar\/?p=90949"},"modified":"2021-11-19T11:58:25","modified_gmt":"2021-11-19T14:58:25","slug":"preadjudicacion-licitacion-publica-n-08-2021-raf-525","status":"publish","type":"post","link":"https:\/\/compras.tierradelfuego.gob.ar\/?p=90949","title":{"rendered":"PREADJUDICACI\u00d3N &#8211; LICITACI\u00d3N P\u00daBLICA N\u00b0 08\/2021 \u2013 RAF 525"},"content":{"rendered":"<p>PREADJUDICACI\u00d3N &#8211; LICITACI\u00d3N P\u00daBLICA N\u00b0 08\/2021 \u2013 RAF 525<\/p>\n<p>OBJETO: ADQUISICION DE TONER DESTINADOS AL MINISTERIO DE SALUD ESTIMANDO LA COBERTURA DE SEIS MESES.<\/p>\n<p>&nbsp;<\/p>\n<p><a href=\"https:\/\/compras.tierradelfuego.gob.ar\/wp-content\/uploads\/2021\/11\/acta-de-preadjudicacion-e-51526-2021-ms-v2-1.pdf\">Acta de preadjudicacion e-51526-2021 ms &#8211; v2 (1)<\/a><\/p>\n","protected":false},"excerpt":{"rendered":"<p>PREADJUDICACI\u00d3N &#8211; LICITACI\u00d3N P\u00daBLICA N\u00b0 08\/2021 \u2013 RAF 525 OBJETO: ADQUISICION DE TONER DESTINADOS AL MINISTERIO DE SALUD ESTIMANDO LA COBERTURA DE SEIS MESES. &nbsp; Acta de preadjudicacion e-51526-2021 ms &#8211; v2 (1)<\/p>\n","protected":false},"author":17,"featured_media":0,"comment_status":"open","ping_status":"open","sticky":false,"template":"","format":"standard","meta":{"footnotes":""},"categories":[3,6,19,25],"tags":[],"class_list":["post-90949","post","type-post","status-publish","format-standard","hentry","category-compras","category-descargar","category-licitacion-publica","category-ministerio-de-salud"],"_links":{"self":[{"href":"https:\/\/compras.tierradelfuego.gob.ar\/index.php?rest_route=\/wp\/v2\/posts\/90949","targetHints":{"allow":["GET"]}}],"collection":[{"href":"https:\/\/compras.tierradelfuego.gob.ar\/index.php?rest_route=\/wp\/v2\/posts"}],"about":[{"href":"https:\/\/compras.tierradelfuego.gob.ar\/index.php?rest_route=\/wp\/v2\/types\/post"}],"author":[{"embeddable":true,"href":"https:\/\/compras.tierradelfuego.gob.ar\/index.php?rest_route=\/wp\/v2\/users\/17"}],"replies":[{"embeddable":true,"href":"https:\/\/compras.tierradelfuego.gob.ar\/index.php?rest_route=%2Fwp%2Fv2%2Fcomments&post=90949"}],"version-history":[{"count":0,"href":"https:\/\/compras.tierradelfuego.gob.ar\/index.php?rest_route=\/wp\/v2\/posts\/90949\/revisions"}],"wp:attachment":[{"href":"https:\/\/compras.tierradelfuego.gob.ar\/index.php?rest_route=%2Fwp%2Fv2%2Fmedia&parent=90949"}],"wp:term":[{"taxonomy":"category","embeddable":true,"href":"https:\/\/compras.tierradelfuego.gob.ar\/index.php?rest_route=%2Fwp%2Fv2%2Fcategories&post=90949"},{"taxonomy":"post_tag","embeddable":true,"href":"https:\/\/compras.tierradelfuego.gob.ar\/index.php?rest_route=%2Fwp%2Fv2%2Ftags&post=90949"}],"curies":[{"name":"wp","href":"https:\/\/api.w.org\/{rel}","templated":true}]}}