{"id":89571,"date":"2021-11-10T14:42:12","date_gmt":"2021-11-10T17:42:12","guid":{"rendered":"https:\/\/compras.tierradelfuego.gob.ar\/?p=89571"},"modified":"2021-11-10T14:42:12","modified_gmt":"2021-11-10T17:42:12","slug":"comunicado-no-38-contratacion-directa","status":"publish","type":"post","link":"https:\/\/compras.tierradelfuego.gob.ar\/?p=89571","title":{"rendered":"COMUNICADO N\u00ba 38 \u2013 CONTRATACI\u00d3N DIRECTA"},"content":{"rendered":"<p style=\"font-weight: 400;\">COMUNICADO N\u00ba 38 \u2013 CONTRATACI\u00d3N DIRECTA<\/p>\n<p style=\"font-weight: 400;\">POR MEDIO DE LA PRESENTE SE COMUNICA LA CONTRATACI\u00d3N DE LA LOCACI\u00d3N DE SERVICIOS DEL ACTUARIO DR. EDUARDO MELINSKY, EXPEDIENTE N\u00ba 1502\/2021 &#8211; ART\u00cdCULO N\u00ba 18 INCISO k, DE LA LEY (P) 1015, CONFORME A LO DEFINIDO EN NOTA N\u00ba 313\/2021, Letra: PRESIDENCIA CPSPTF, A LOS FINES DE DAR CUMPLIMIENTO A LO ESTABLECIDO EN EL ART\u00cdCULO 34 DE LA LEY (p) 1015.<\/p>\n<p style=\"font-weight: 400;\">\n<p style=\"font-weight: 400;\"><em> <a href=\"https:\/\/compras.tierradelfuego.gob.ar\/wp-content\/uploads\/2021\/11\/comunicado-38_11102021_122118.pdf\">Comunicado 38_11102021_122118<\/a>\u00a0\u00a0\u00a0\u00a0\u00a0\u00a0\u00a0<\/em><\/p>\n","protected":false},"excerpt":{"rendered":"<p>COMUNICADO N\u00ba 38 \u2013 CONTRATACI\u00d3N DIRECTA POR MEDIO DE LA PRESENTE SE COMUNICA LA CONTRATACI\u00d3N DE LA LOCACI\u00d3N DE SERVICIOS DEL ACTUARIO DR. EDUARDO MELINSKY, EXPEDIENTE N\u00ba 1502\/2021 &#8211; ART\u00cdCULO N\u00ba 18 INCISO k, DE LA LEY (P) 1015, CONFORME A LO DEFINIDO EN NOTA N\u00ba 313\/2021, Letra: PRESIDENCIA CPSPTF, A LOS FINES DE DAR [&hellip;]<\/p>\n","protected":false},"author":17,"featured_media":0,"comment_status":"open","ping_status":"open","sticky":false,"template":"","format":"standard","meta":{"footnotes":""},"categories":[133,3,149,6,11],"tags":[],"class_list":["post-89571","post","type-post","status-publish","format-standard","hentry","category-caja-de-prevision-social","category-compras","category-comunicado","category-descargar","category-directa"],"_links":{"self":[{"href":"https:\/\/compras.tierradelfuego.gob.ar\/index.php?rest_route=\/wp\/v2\/posts\/89571","targetHints":{"allow":["GET"]}}],"collection":[{"href":"https:\/\/compras.tierradelfuego.gob.ar\/index.php?rest_route=\/wp\/v2\/posts"}],"about":[{"href":"https:\/\/compras.tierradelfuego.gob.ar\/index.php?rest_route=\/wp\/v2\/types\/post"}],"author":[{"embeddable":true,"href":"https:\/\/compras.tierradelfuego.gob.ar\/index.php?rest_route=\/wp\/v2\/users\/17"}],"replies":[{"embeddable":true,"href":"https:\/\/compras.tierradelfuego.gob.ar\/index.php?rest_route=%2Fwp%2Fv2%2Fcomments&post=89571"}],"version-history":[{"count":0,"href":"https:\/\/compras.tierradelfuego.gob.ar\/index.php?rest_route=\/wp\/v2\/posts\/89571\/revisions"}],"wp:attachment":[{"href":"https:\/\/compras.tierradelfuego.gob.ar\/index.php?rest_route=%2Fwp%2Fv2%2Fmedia&parent=89571"}],"wp:term":[{"taxonomy":"category","embeddable":true,"href":"https:\/\/compras.tierradelfuego.gob.ar\/index.php?rest_route=%2Fwp%2Fv2%2Fcategories&post=89571"},{"taxonomy":"post_tag","embeddable":true,"href":"https:\/\/compras.tierradelfuego.gob.ar\/index.php?rest_route=%2Fwp%2Fv2%2Ftags&post=89571"}],"curies":[{"name":"wp","href":"https:\/\/api.w.org\/{rel}","templated":true}]}}