{"id":82363,"date":"2021-09-13T10:25:29","date_gmt":"2021-09-13T13:25:29","guid":{"rendered":"http:\/\/compras.tierradelfuego.gov.ar\/?p=82363"},"modified":"2021-09-13T10:25:29","modified_gmt":"2021-09-13T13:25:29","slug":"circular-aclaratoria-no-012021-licitacion-privada-no-022021","status":"publish","type":"post","link":"https:\/\/compras.tierradelfuego.gob.ar\/?p=82363","title":{"rendered":"CIRCULAR ACLARATORIA N\u00ba 01\/2021 \u2013LICITACI\u00d3N PRIVADA N\u00ba 02\/2021"},"content":{"rendered":"<p>PLAN NACIONAL DE EDUCACI\u00d3N INICIAL<\/p>\n<p>LICITACI\u00d3N PRIVADA N\u00ba 02\/2021<\/p>\n<p>OBRA:\u00a0AMPLIACI\u00d3N &#8211; JARD\u00cdN DE INFANTES N\u00b0 26 \u201cTEJIENDO SUE\u00d1OS\u201d \u2013 R\u00cdO GRANDE\u00a0&#8211; TIERRA DEL FUEGO, EN EL MARCO DEL PLAN NACIONAL EDUCACI\u00d3N INICIAL DEL MINISTERIO DE EDUCACI\u00d3N DE LA NACI\u00d3N.<\/p>\n<p>CIRCULAR ACLARATORIA N\u00ba 01\/2021 \u2013<\/p>\n<p>SIN CONSULTA<\/p>\n<p>POR MEDIO DE LA PRESENTE SE INFORMA A LOS OFERENTES, QUE SE HA PRODUCIDO LA MODIFICACI\u00d3N EN LA FECHA DE APERTURA DE OFERTAS.<\/p>\n<p>LA MISMA SER\u00c1 EL D\u00cdA\u00a027 DE SEPTIEMBRE\u00a0DE 2021\u00a0A LAS 13:00 HS,\u00a0CENTRO CULTURAL YAGANES, SITO EN CALLE\u00a0AV. MANUEL BELGRANO 334-398, R\u00cdO GRANDE, TIERRA DEL FUEGO.<\/p>\n<p>&nbsp;<\/p>\n<p><a href=\"http:\/\/compras.tierradelfuego.gov.ar\/wp-content\/uploads\/2021\/09\/Sin-Consulta-N\u00b01-LP-N\u00ba-02-21-JARDIN-26-27-9-2021.pdf\">Sin Consulta N\u00b01- LP N\u00ba 02-21 &#8211; JARDIN 26 &#8211; 27-9-2021<\/a><\/p>\n","protected":false},"excerpt":{"rendered":"<p>PLAN NACIONAL DE EDUCACI\u00d3N INICIAL LICITACI\u00d3N PRIVADA N\u00ba 02\/2021 OBRA:\u00a0AMPLIACI\u00d3N &#8211; JARD\u00cdN DE INFANTES N\u00b0 26 \u201cTEJIENDO SUE\u00d1OS\u201d \u2013 R\u00cdO GRANDE\u00a0&#8211; TIERRA DEL FUEGO, EN EL MARCO DEL PLAN NACIONAL EDUCACI\u00d3N INICIAL DEL MINISTERIO DE EDUCACI\u00d3N DE LA NACI\u00d3N. CIRCULAR ACLARATORIA N\u00ba 01\/2021 \u2013 SIN CONSULTA POR MEDIO DE LA PRESENTE SE INFORMA A LOS [&hellip;]<\/p>\n","protected":false},"author":17,"featured_media":0,"comment_status":"open","ping_status":"open","sticky":false,"template":"","format":"standard","meta":{"footnotes":""},"categories":[3,6,11,22],"tags":[],"class_list":["post-82363","post","type-post","status-publish","format-standard","hentry","category-compras","category-descargar","category-directa","category-ministerio-de-educacion"],"_links":{"self":[{"href":"https:\/\/compras.tierradelfuego.gob.ar\/index.php?rest_route=\/wp\/v2\/posts\/82363","targetHints":{"allow":["GET"]}}],"collection":[{"href":"https:\/\/compras.tierradelfuego.gob.ar\/index.php?rest_route=\/wp\/v2\/posts"}],"about":[{"href":"https:\/\/compras.tierradelfuego.gob.ar\/index.php?rest_route=\/wp\/v2\/types\/post"}],"author":[{"embeddable":true,"href":"https:\/\/compras.tierradelfuego.gob.ar\/index.php?rest_route=\/wp\/v2\/users\/17"}],"replies":[{"embeddable":true,"href":"https:\/\/compras.tierradelfuego.gob.ar\/index.php?rest_route=%2Fwp%2Fv2%2Fcomments&post=82363"}],"version-history":[{"count":0,"href":"https:\/\/compras.tierradelfuego.gob.ar\/index.php?rest_route=\/wp\/v2\/posts\/82363\/revisions"}],"wp:attachment":[{"href":"https:\/\/compras.tierradelfuego.gob.ar\/index.php?rest_route=%2Fwp%2Fv2%2Fmedia&parent=82363"}],"wp:term":[{"taxonomy":"category","embeddable":true,"href":"https:\/\/compras.tierradelfuego.gob.ar\/index.php?rest_route=%2Fwp%2Fv2%2Fcategories&post=82363"},{"taxonomy":"post_tag","embeddable":true,"href":"https:\/\/compras.tierradelfuego.gob.ar\/index.php?rest_route=%2Fwp%2Fv2%2Ftags&post=82363"}],"curies":[{"name":"wp","href":"https:\/\/api.w.org\/{rel}","templated":true}]}}