{"id":82271,"date":"2021-09-09T11:24:36","date_gmt":"2021-09-09T14:24:36","guid":{"rendered":"http:\/\/compras.tierradelfuego.gov.ar\/?p=82271"},"modified":"2021-09-10T15:42:11","modified_gmt":"2021-09-10T18:42:11","slug":"licitacion-publica-no-0721-raf-525-que-tramita-la-locacion-de-alquiler-de-tres-3-inmuebles-dos-2-de-ellos-con-ubicacion-en-la-ciudad-de-ushuaia-y-uno-1-con-ubicacion-en-la-ciudad-de-rio-grand","status":"publish","type":"post","link":"https:\/\/compras.tierradelfuego.gob.ar\/?p=82271","title":{"rendered":"LICITACI\u00d3N P\u00daBLICA N\u00ba 07\/21 RAF 525, QUE TRAMITA LA LOCACI\u00d3N DE ALQUILER DE TRES (3) INMUEBLES, DOS (2) DE ELLOS CON UBICACI\u00d3N EN LA CIUDAD DE USHUAIA Y UNO (1) CON UBICACI\u00d3N EN LA CIUDAD DE R\u00cdO GRANDE, DESTINADOS AL FUNCIONAMIENTO DE DEP\u00d3SITO, GARAJE, TALLER\/MANTENIMIENTO VEHICULAR, DEPENDENCIAS ADMINISTRATIVAS, OTROS DEL MINISTERIO DE SALUD DE LA PROVINCIA, POR EL PER\u00cdODO DE TREINTA Y SEIS (36) MESES."},"content":{"rendered":"<p>EL MINISTERIO DE FINANZAS P\u00daBLICAS DE LA PROVINCIA DE TIERRA DEL FUEGO, ANT\u00c1RTIDA E ISLAS DEL ATL\u00c1NTICO SUR LLAMA A LICITACI\u00d3N P\u00daBLICA N\u00ba 07\/21 RAF 525, QUE TRAMITA LA LOCACI\u00d3N DE ALQUILER DE TRES (3) INMUEBLES, DOS (2) DE ELLOS CON UBICACI\u00d3N EN LA CIUDAD DE USHUAIA Y UNO (1) CON UBICACI\u00d3N EN LA CIUDAD DE R\u00cdO GRANDE, DESTINADOS AL FUNCIONAMIENTO DE DEP\u00d3SITO, GARAJE, TALLER\/MANTENIMIENTO VEHICULAR, DEPENDENCIAS ADMINISTRATIVAS, OTROS DEL MINISTERIO DE SALUD DE LA PROVINCIA, POR EL PER\u00cdODO DE TREINTA Y SEIS (36) MESES.<\/p>\n<p>FECHA L\u00cdMITE DE RECEPCI\u00d3N DE OFERTAS: 01\/10\/2021 11:00 HS.<br \/>\nFECHA DE APERTURA: 01\/10\/2021 11:00 HS.<br \/>\nLUGAR DE APERTURA: SAN MART\u00cdN N\u00ba 450, PLANTA BAJA OFICINA 35, CIUDAD DE USHUAIA \u2013 OFICINA PROVINCIAL DE CONTRATACIONES &#8211; MINISTERIO DE FINANZAS P\u00daBLICAS.<br \/>\nVALOR DEL PLIEGO: SIN VALOR ECON\u00d3MICO.<br \/>\nCONSULTA DE PLIEGOS: <a href=\"http:\/\/www.compras.tierradelfuego.gov.ar\">WWW.COMPRAS.TIERRADELFUEGO.GOV.AR<\/a><\/p>\n<p><!--cforms name=\"LICITACI\u00d3N P\u00daBLICA N\u00ba 07-2021 MIN. SALUD\"--><\/p>\n<p>&nbsp;<\/p>\n","protected":false},"excerpt":{"rendered":"<p>EL MINISTERIO DE FINANZAS P\u00daBLICAS DE LA PROVINCIA DE TIERRA DEL FUEGO, ANT\u00c1RTIDA E ISLAS DEL ATL\u00c1NTICO SUR LLAMA A LICITACI\u00d3N P\u00daBLICA N\u00ba 07\/21 RAF 525, QUE TRAMITA LA LOCACI\u00d3N DE ALQUILER DE TRES (3) INMUEBLES, DOS (2) DE ELLOS CON UBICACI\u00d3N EN LA CIUDAD DE USHUAIA Y UNO (1) CON UBICACI\u00d3N EN LA CIUDAD [&hellip;]<\/p>\n","protected":false},"author":20,"featured_media":0,"comment_status":"open","ping_status":"open","sticky":false,"template":"","format":"standard","meta":{"footnotes":""},"categories":[3,19,25],"tags":[],"class_list":["post-82271","post","type-post","status-publish","format-standard","hentry","category-compras","category-licitacion-publica","category-ministerio-de-salud"],"_links":{"self":[{"href":"https:\/\/compras.tierradelfuego.gob.ar\/index.php?rest_route=\/wp\/v2\/posts\/82271","targetHints":{"allow":["GET"]}}],"collection":[{"href":"https:\/\/compras.tierradelfuego.gob.ar\/index.php?rest_route=\/wp\/v2\/posts"}],"about":[{"href":"https:\/\/compras.tierradelfuego.gob.ar\/index.php?rest_route=\/wp\/v2\/types\/post"}],"author":[{"embeddable":true,"href":"https:\/\/compras.tierradelfuego.gob.ar\/index.php?rest_route=\/wp\/v2\/users\/20"}],"replies":[{"embeddable":true,"href":"https:\/\/compras.tierradelfuego.gob.ar\/index.php?rest_route=%2Fwp%2Fv2%2Fcomments&post=82271"}],"version-history":[{"count":0,"href":"https:\/\/compras.tierradelfuego.gob.ar\/index.php?rest_route=\/wp\/v2\/posts\/82271\/revisions"}],"wp:attachment":[{"href":"https:\/\/compras.tierradelfuego.gob.ar\/index.php?rest_route=%2Fwp%2Fv2%2Fmedia&parent=82271"}],"wp:term":[{"taxonomy":"category","embeddable":true,"href":"https:\/\/compras.tierradelfuego.gob.ar\/index.php?rest_route=%2Fwp%2Fv2%2Fcategories&post=82271"},{"taxonomy":"post_tag","embeddable":true,"href":"https:\/\/compras.tierradelfuego.gob.ar\/index.php?rest_route=%2Fwp%2Fv2%2Ftags&post=82271"}],"curies":[{"name":"wp","href":"https:\/\/api.w.org\/{rel}","templated":true}]}}