{"id":77714,"date":"2021-07-30T12:30:42","date_gmt":"2021-07-30T15:30:42","guid":{"rendered":"http:\/\/compras.tierradelfuego.gov.ar\/?p=77714"},"modified":"2021-07-30T12:30:42","modified_gmt":"2021-07-30T15:30:42","slug":"resolucion-ss-s-v-n-3721-orden-de-compra-n-57-compra-directa-n-3721-adquisicion-de-borcegos-invernales-para-el-personal-de-la-subsecretaria-de-seguridad-vial","status":"publish","type":"post","link":"https:\/\/compras.tierradelfuego.gob.ar\/?p=77714","title":{"rendered":"RESOLUCI\u00d3N SS.S.V. N\u00b0 37\/21 &#8211; ORDEN DE COMPRA N\u00b0 57 &#8211; COMPRA DIRECTA N\u00b0: 37\/21. ADQUISICI\u00d3N DE BORCEGOS INVERNALES PARA EL PERSONAL DE LA SUBSECRETARIA DE SEGURIDAD VIAL."},"content":{"rendered":"<p>MINISTERIO DE GOBIERNO, JUSTICIA Y DERECHOS HUMANOS<\/p>\n<p>\u00c1REA SOLICITANTE: SUBSECRETAR\u00cdA DE SEGURIDAD VIAL<\/p>\n<p>COMPRA DIRECTA N\u00b0: 37\/21 &#8211; EXPEDIENTE: 37170\/21<\/p>\n<p>RESOLUCI\u00d3N SS.S.V. N\u00b0 37\/21 &#8211; ORDEN DE COMPRA N\u00b0 57<\/p>\n<p>OBJETO: ADQUISICI\u00d3N DE BORCEGOS INVERNALES PARA EL PERSONAL DE LA SUBSECRETARIA DE SEGURIDAD VIAL<\/p>\n<p><strong><a href=\"http:\/\/compras.tierradelfuego.gov.ar\/wp-content\/uploads\/2021\/07\/DIFUSI\u00d3N-ADJUDICACI\u00d3N.zip\">DIFUSI\u00d3N ADJUDICACI\u00d3N<\/a><\/strong><\/p>\n","protected":false},"excerpt":{"rendered":"<p>MINISTERIO DE GOBIERNO, JUSTICIA Y DERECHOS HUMANOS \u00c1REA SOLICITANTE: SUBSECRETAR\u00cdA DE SEGURIDAD VIAL COMPRA DIRECTA N\u00b0: 37\/21 &#8211; EXPEDIENTE: 37170\/21 RESOLUCI\u00d3N SS.S.V. N\u00b0 37\/21 &#8211; ORDEN DE COMPRA N\u00b0 57 OBJETO: ADQUISICI\u00d3N DE BORCEGOS INVERNALES PARA EL PERSONAL DE LA SUBSECRETARIA DE SEGURIDAD VIAL DIFUSI\u00d3N ADJUDICACI\u00d3N<\/p>\n","protected":false},"author":20,"featured_media":0,"comment_status":"open","ping_status":"open","sticky":false,"template":"","format":"standard","meta":{"footnotes":""},"categories":[3,11,138],"tags":[],"class_list":["post-77714","post","type-post","status-publish","format-standard","hentry","category-compras","category-directa","category-ministerio-de-gobierno-y-justicia"],"_links":{"self":[{"href":"https:\/\/compras.tierradelfuego.gob.ar\/index.php?rest_route=\/wp\/v2\/posts\/77714","targetHints":{"allow":["GET"]}}],"collection":[{"href":"https:\/\/compras.tierradelfuego.gob.ar\/index.php?rest_route=\/wp\/v2\/posts"}],"about":[{"href":"https:\/\/compras.tierradelfuego.gob.ar\/index.php?rest_route=\/wp\/v2\/types\/post"}],"author":[{"embeddable":true,"href":"https:\/\/compras.tierradelfuego.gob.ar\/index.php?rest_route=\/wp\/v2\/users\/20"}],"replies":[{"embeddable":true,"href":"https:\/\/compras.tierradelfuego.gob.ar\/index.php?rest_route=%2Fwp%2Fv2%2Fcomments&post=77714"}],"version-history":[{"count":0,"href":"https:\/\/compras.tierradelfuego.gob.ar\/index.php?rest_route=\/wp\/v2\/posts\/77714\/revisions"}],"wp:attachment":[{"href":"https:\/\/compras.tierradelfuego.gob.ar\/index.php?rest_route=%2Fwp%2Fv2%2Fmedia&parent=77714"}],"wp:term":[{"taxonomy":"category","embeddable":true,"href":"https:\/\/compras.tierradelfuego.gob.ar\/index.php?rest_route=%2Fwp%2Fv2%2Fcategories&post=77714"},{"taxonomy":"post_tag","embeddable":true,"href":"https:\/\/compras.tierradelfuego.gob.ar\/index.php?rest_route=%2Fwp%2Fv2%2Ftags&post=77714"}],"curies":[{"name":"wp","href":"https:\/\/api.w.org\/{rel}","templated":true}]}}