{"id":77699,"date":"2021-07-30T12:08:56","date_gmt":"2021-07-30T15:08:56","guid":{"rendered":"http:\/\/compras.tierradelfuego.gov.ar\/?p=77699"},"modified":"2021-07-30T12:08:56","modified_gmt":"2021-07-30T15:08:56","slug":"planila-de-preadjudicacion-renovacion-contrato-de-locacion-de-servicios-vinculado-a-ee2777-ms2021-dra-pastorelli-a-fin-de-brindar-servicios-en-la-direccion-provincial-de-abordaje-territorial-dep","status":"publish","type":"post","link":"https:\/\/compras.tierradelfuego.gob.ar\/?p=77699","title":{"rendered":"PLANILA DE PREADJUDICACI\u00d3N &#8211; RENOVACI\u00d3N CONTRATO DE LOCACI\u00d3N DE SERVICIOS VINCULADO A EE2777-MS\/2021 DRA. PASTORELLI, A FIN DE BRINDAR SERVICIOS EN LA DIRECCI\u00d3N PROVINCIAL DE ABORDAJE TERRITORIAL, DEPENDIENTE DE LA SECRETAR\u00cdA DE ESTRATEGIAS SANITARIAS; POR EL T\u00c9RMINO DE TRES (3) MESES."},"content":{"rendered":"<p>DIFUSI\u00d3N DE LA PREADJUDICACI\u00d3N &#8211; COMPRA DIRECTA N\u00b0 288\/2021 &#8211; EXPEDIENTE ELECTR\u00d3NICO N\u00ba MS-E-46210\/2021.<\/p>\n<p>OBJETO: REFERENTE A LA RENOVACI\u00d3N CONTRATO DE LOCACI\u00d3N DE SERVICIOS VINCULADO A EE2777-MS\/2021 DRA. PASTORELLI,\u00a0A FIN DE BRINDAR SERVICIOS EN LA DIRECCI\u00d3N PROVINCIAL DE ABORDAJE TERRITORIAL, DEPENDIENTE DE LA SECRETAR\u00cdA DE ESTRATEGIAS SANITARIAS; POR EL T\u00c9RMINO DE TRES (3) MESES.<\/p>\n<p>LA PRESENTE SE FUNDAMENTA EN EL INFORME DE PRE &#8211; ADJUDICACI\u00d3N QUE SE ENV\u00cdA EN ARCHIVO ADJUNTO.<\/p>\n<p><strong><a href=\"http:\/\/compras.tierradelfuego.gov.ar\/wp-content\/uploads\/2021\/07\/Planilla-de-preadjudicaci\u00f3n.pdf\">Planilla de preadjudicaci\u00f3n<\/a><\/strong><\/p>\n<p>&nbsp;<\/p>\n","protected":false},"excerpt":{"rendered":"<p>DIFUSI\u00d3N DE LA PREADJUDICACI\u00d3N &#8211; COMPRA DIRECTA N\u00b0 288\/2021 &#8211; EXPEDIENTE ELECTR\u00d3NICO N\u00ba MS-E-46210\/2021. OBJETO: REFERENTE A LA RENOVACI\u00d3N CONTRATO DE LOCACI\u00d3N DE SERVICIOS VINCULADO A EE2777-MS\/2021 DRA. PASTORELLI,\u00a0A FIN DE BRINDAR SERVICIOS EN LA DIRECCI\u00d3N PROVINCIAL DE ABORDAJE TERRITORIAL, DEPENDIENTE DE LA SECRETAR\u00cdA DE ESTRATEGIAS SANITARIAS; POR EL T\u00c9RMINO DE TRES (3) MESES. LA [&hellip;]<\/p>\n","protected":false},"author":20,"featured_media":0,"comment_status":"open","ping_status":"open","sticky":false,"template":"","format":"standard","meta":{"footnotes":""},"categories":[3,11,25],"tags":[],"class_list":["post-77699","post","type-post","status-publish","format-standard","hentry","category-compras","category-directa","category-ministerio-de-salud"],"_links":{"self":[{"href":"https:\/\/compras.tierradelfuego.gob.ar\/index.php?rest_route=\/wp\/v2\/posts\/77699","targetHints":{"allow":["GET"]}}],"collection":[{"href":"https:\/\/compras.tierradelfuego.gob.ar\/index.php?rest_route=\/wp\/v2\/posts"}],"about":[{"href":"https:\/\/compras.tierradelfuego.gob.ar\/index.php?rest_route=\/wp\/v2\/types\/post"}],"author":[{"embeddable":true,"href":"https:\/\/compras.tierradelfuego.gob.ar\/index.php?rest_route=\/wp\/v2\/users\/20"}],"replies":[{"embeddable":true,"href":"https:\/\/compras.tierradelfuego.gob.ar\/index.php?rest_route=%2Fwp%2Fv2%2Fcomments&post=77699"}],"version-history":[{"count":0,"href":"https:\/\/compras.tierradelfuego.gob.ar\/index.php?rest_route=\/wp\/v2\/posts\/77699\/revisions"}],"wp:attachment":[{"href":"https:\/\/compras.tierradelfuego.gob.ar\/index.php?rest_route=%2Fwp%2Fv2%2Fmedia&parent=77699"}],"wp:term":[{"taxonomy":"category","embeddable":true,"href":"https:\/\/compras.tierradelfuego.gob.ar\/index.php?rest_route=%2Fwp%2Fv2%2Fcategories&post=77699"},{"taxonomy":"post_tag","embeddable":true,"href":"https:\/\/compras.tierradelfuego.gob.ar\/index.php?rest_route=%2Fwp%2Fv2%2Ftags&post=77699"}],"curies":[{"name":"wp","href":"https:\/\/api.w.org\/{rel}","templated":true}]}}