{"id":71679,"date":"2021-05-31T11:53:41","date_gmt":"2021-05-31T14:53:41","guid":{"rendered":"http:\/\/compras.tierradelfuego.gov.ar\/?p=71679"},"modified":"2021-05-31T11:53:41","modified_gmt":"2021-05-31T14:53:41","slug":"compra-directa-no-622021-expediente-n-295302021","status":"publish","type":"post","link":"https:\/\/compras.tierradelfuego.gob.ar\/?p=71679","title":{"rendered":"COMPRA DIRECTA N\u00ba 62\/2021 &#8211; EXPEDIENTE N\u00b0 29530\/2021."},"content":{"rendered":"<p>COMPRA DIRECTA N\u00ba 62\/2021 &#8211; EXPEDIENTE N\u00b0 29530\/2021.<\/p>\n<p>DIFUSI\u00d3N: SOLICITUD DE COTIZACI\u00d3N N\u00b0 62\/2021<\/p>\n<p>OBJETO: CONTRATACI\u00d3N DE SERVICIOS DE CH\u00d3FER, PERSONAL ID\u00d3NEO, PARA DESEMPE\u00d1ARSE EN LA SUBSECRETARIA DE FLOTA VEHICULAR<\/p>\n<p>\u00c1REA SOLICITANTE: SUBSECRETAR\u00cdA DE HACIENDA DEL MINISTERIO DE FINANZAS P\u00daBLICAS.<\/p>\n<p>&nbsp;<\/p>\n<p><a href=\"http:\/\/compras.tierradelfuego.gov.ar\/wp-content\/uploads\/2021\/05\/SOLICITUD-DE-COTIZACION-COMPRA-DIRECTA-62-2021-EXPTE-29530-2021_firmado_firmado.pdf\">SOLICITUD DE COTIZACION &#8211; COMPRA DIRECTA 62-2021 EXPTE 29530-2021_firmado_firmado<\/a><\/p>\n","protected":false},"excerpt":{"rendered":"<p>COMPRA DIRECTA N\u00ba 62\/2021 &#8211; EXPEDIENTE N\u00b0 29530\/2021. DIFUSI\u00d3N: SOLICITUD DE COTIZACI\u00d3N N\u00b0 62\/2021 OBJETO: CONTRATACI\u00d3N DE SERVICIOS DE CH\u00d3FER, PERSONAL ID\u00d3NEO, PARA DESEMPE\u00d1ARSE EN LA SUBSECRETARIA DE FLOTA VEHICULAR \u00c1REA SOLICITANTE: SUBSECRETAR\u00cdA DE HACIENDA DEL MINISTERIO DE FINANZAS P\u00daBLICAS. &nbsp; SOLICITUD DE COTIZACION &#8211; COMPRA DIRECTA 62-2021 EXPTE 29530-2021_firmado_firmado<\/p>\n","protected":false},"author":17,"featured_media":0,"comment_status":"open","ping_status":"open","sticky":false,"template":"","format":"standard","meta":{"footnotes":""},"categories":[3,6,11,162],"tags":[],"class_list":["post-71679","post","type-post","status-publish","format-standard","hentry","category-compras","category-descargar","category-directa","category-ministerio-de-finanzas-publicas"],"_links":{"self":[{"href":"https:\/\/compras.tierradelfuego.gob.ar\/index.php?rest_route=\/wp\/v2\/posts\/71679","targetHints":{"allow":["GET"]}}],"collection":[{"href":"https:\/\/compras.tierradelfuego.gob.ar\/index.php?rest_route=\/wp\/v2\/posts"}],"about":[{"href":"https:\/\/compras.tierradelfuego.gob.ar\/index.php?rest_route=\/wp\/v2\/types\/post"}],"author":[{"embeddable":true,"href":"https:\/\/compras.tierradelfuego.gob.ar\/index.php?rest_route=\/wp\/v2\/users\/17"}],"replies":[{"embeddable":true,"href":"https:\/\/compras.tierradelfuego.gob.ar\/index.php?rest_route=%2Fwp%2Fv2%2Fcomments&post=71679"}],"version-history":[{"count":0,"href":"https:\/\/compras.tierradelfuego.gob.ar\/index.php?rest_route=\/wp\/v2\/posts\/71679\/revisions"}],"wp:attachment":[{"href":"https:\/\/compras.tierradelfuego.gob.ar\/index.php?rest_route=%2Fwp%2Fv2%2Fmedia&parent=71679"}],"wp:term":[{"taxonomy":"category","embeddable":true,"href":"https:\/\/compras.tierradelfuego.gob.ar\/index.php?rest_route=%2Fwp%2Fv2%2Fcategories&post=71679"},{"taxonomy":"post_tag","embeddable":true,"href":"https:\/\/compras.tierradelfuego.gob.ar\/index.php?rest_route=%2Fwp%2Fv2%2Ftags&post=71679"}],"curies":[{"name":"wp","href":"https:\/\/api.w.org\/{rel}","templated":true}]}}