{"id":71676,"date":"2021-05-31T11:49:51","date_gmt":"2021-05-31T14:49:51","guid":{"rendered":"http:\/\/compras.tierradelfuego.gov.ar\/?p=71676"},"modified":"2021-05-31T11:49:51","modified_gmt":"2021-05-31T14:49:51","slug":"preadjudicacion-licitacion-publica-012021-raf-561","status":"publish","type":"post","link":"https:\/\/compras.tierradelfuego.gob.ar\/?p=71676","title":{"rendered":"PREADJUDICACI\u00d3N-LICITACION PUBLICA 01\/2021-RAF 561"},"content":{"rendered":"<p>PREADJUDICACI\u00d3N LICITACION PUBLICA 01\/2021-RAF 561-EXPEDIENTE N\u00b0 38589\/2020 -S\/ADQUISICI\u00d3N DE MAQUINARIAS Y EQUIPOS PARA EL FORTALECIMIENTO DE LA CAPACIDAD DE ATENCI\u00d3N PRIMARIA Y MITIGACI\u00d3N DE EMERGENCIAS AGROPECUARIAS.<\/p>\n<p>&nbsp;<\/p>\n<p><a href=\"http:\/\/compras.tierradelfuego.gov.ar\/wp-content\/uploads\/2021\/05\/Acta-de-preadjudicaci\u00f3n.pdf\">Acta de preadjudicaci\u00f3n<\/a><\/p>\n","protected":false},"excerpt":{"rendered":"<p>PREADJUDICACI\u00d3N LICITACION PUBLICA 01\/2021-RAF 561-EXPEDIENTE N\u00b0 38589\/2020 -S\/ADQUISICI\u00d3N DE MAQUINARIAS Y EQUIPOS PARA EL FORTALECIMIENTO DE LA CAPACIDAD DE ATENCI\u00d3N PRIMARIA Y MITIGACI\u00d3N DE EMERGENCIAS AGROPECUARIAS. &nbsp; Acta de preadjudicaci\u00f3n<\/p>\n","protected":false},"author":17,"featured_media":0,"comment_status":"open","ping_status":"open","sticky":false,"template":"","format":"standard","meta":{"footnotes":""},"categories":[3,6,19,159],"tags":[],"class_list":["post-71676","post","type-post","status-publish","format-standard","hentry","category-compras","category-descargar","category-licitacion-publica","category-ministerio-de-produccion-y-ambiente"],"_links":{"self":[{"href":"https:\/\/compras.tierradelfuego.gob.ar\/index.php?rest_route=\/wp\/v2\/posts\/71676","targetHints":{"allow":["GET"]}}],"collection":[{"href":"https:\/\/compras.tierradelfuego.gob.ar\/index.php?rest_route=\/wp\/v2\/posts"}],"about":[{"href":"https:\/\/compras.tierradelfuego.gob.ar\/index.php?rest_route=\/wp\/v2\/types\/post"}],"author":[{"embeddable":true,"href":"https:\/\/compras.tierradelfuego.gob.ar\/index.php?rest_route=\/wp\/v2\/users\/17"}],"replies":[{"embeddable":true,"href":"https:\/\/compras.tierradelfuego.gob.ar\/index.php?rest_route=%2Fwp%2Fv2%2Fcomments&post=71676"}],"version-history":[{"count":0,"href":"https:\/\/compras.tierradelfuego.gob.ar\/index.php?rest_route=\/wp\/v2\/posts\/71676\/revisions"}],"wp:attachment":[{"href":"https:\/\/compras.tierradelfuego.gob.ar\/index.php?rest_route=%2Fwp%2Fv2%2Fmedia&parent=71676"}],"wp:term":[{"taxonomy":"category","embeddable":true,"href":"https:\/\/compras.tierradelfuego.gob.ar\/index.php?rest_route=%2Fwp%2Fv2%2Fcategories&post=71676"},{"taxonomy":"post_tag","embeddable":true,"href":"https:\/\/compras.tierradelfuego.gob.ar\/index.php?rest_route=%2Fwp%2Fv2%2Ftags&post=71676"}],"curies":[{"name":"wp","href":"https:\/\/api.w.org\/{rel}","templated":true}]}}