{"id":65840,"date":"2021-03-30T10:10:22","date_gmt":"2021-03-30T13:10:22","guid":{"rendered":"http:\/\/compras.tierradelfuego.gov.ar\/?p=65840"},"modified":"2021-03-30T10:10:22","modified_gmt":"2021-03-30T13:10:22","slug":"adjudicacion-licitacion-privada-n-0220-raf-1114-expte-mdh-e-2723520","status":"publish","type":"post","link":"https:\/\/compras.tierradelfuego.gob.ar\/?p=65840","title":{"rendered":"ADJUDICACI\u00d3N LICITACI\u00d3N PRIVADA N\u00b0 02\/20 RAF 1114- Expte. MDH-E-27235\/20"},"content":{"rendered":"<p><strong>ADJUDICACI\u00d3N LICITACI\u00d3N PRIVADA N\u00b0 02\/20 RAF 1114- Expte. MDH-E-27235\/20<\/strong> referente a la \u00abAdquisici\u00f3n de indumentaria destinada a ni\u00f1os, ni\u00f1as y adolescentes residentes en los Hogares de Cuidados no Parenterales, dependientes de la Direcci\u00f3n General de Medidas de Protecci\u00f3n Integral Excepcional R\u00edo Grande del Ministerio de Desarrollo Humano\u00bb.<\/p>\n<p>Orden Compra Compra N\u00b0 03\/21 RAF 1114<br \/>\nProveedor GRUPO FARO S.R.L. CUIT N\u00b0 <span id=\"OBJ_PREFIX_DWT137_com_zimbra_phone\" class=\"Object\"><a href=\"callto:30-71412413-3\">30-71412413-3<\/a><\/span><br \/>\nIMPORTE TOTAL $ <span id=\"OBJ_PREFIX_DWT138_com_zimbra_phone\" class=\"Object\"><a href=\"callto:1.234.183,00\">1.234.183,00<\/a><\/span><br \/>\nRESOLUCI\u00d3N M.D.H. N\u00b0 296\/21 DE ADJUDICACI\u00d3N LICITACI\u00d3N PRIVADA N\u00b0 02\/20 RAF 1114<\/p>\n<p>&nbsp;<\/p>\n<p><a href=\"http:\/\/compras.tierradelfuego.gov.ar\/wp-content\/uploads\/2021\/03\/Orden-de-Compra-N\u00b0-03-21-RAF-1114.pdf\">Orden de Compra N\u00b0 03-21 RAF 1114<\/a><\/p>\n<p><a href=\"http:\/\/compras.tierradelfuego.gov.ar\/wp-content\/uploads\/2021\/03\/Resoluci\u00f3n-MDH-N\u00b0-296-21-Adjudicaci\u00f3n-licitacion.pdf\">Resoluci\u00f3n MDH N\u00b0 296-21 Adjudicaci\u00f3n licitacion<\/a><\/p>\n","protected":false},"excerpt":{"rendered":"<p>ADJUDICACI\u00d3N LICITACI\u00d3N PRIVADA N\u00b0 02\/20 RAF 1114- Expte. MDH-E-27235\/20 referente a la \u00abAdquisici\u00f3n de indumentaria destinada a ni\u00f1os, ni\u00f1as y adolescentes residentes en los Hogares de Cuidados no Parenterales, dependientes de la Direcci\u00f3n General de Medidas de Protecci\u00f3n Integral Excepcional R\u00edo Grande del Ministerio de Desarrollo Humano\u00bb. Orden Compra Compra N\u00b0 03\/21 RAF 1114 Proveedor [&hellip;]<\/p>\n","protected":false},"author":17,"featured_media":0,"comment_status":"open","ping_status":"open","sticky":false,"template":"","format":"standard","meta":{"footnotes":""},"categories":[3,6,18,164],"tags":[],"class_list":["post-65840","post","type-post","status-publish","format-standard","hentry","category-compras","category-descargar","category-licitacion-privada","category-ministerio-de-desarrollo-humano"],"_links":{"self":[{"href":"https:\/\/compras.tierradelfuego.gob.ar\/index.php?rest_route=\/wp\/v2\/posts\/65840","targetHints":{"allow":["GET"]}}],"collection":[{"href":"https:\/\/compras.tierradelfuego.gob.ar\/index.php?rest_route=\/wp\/v2\/posts"}],"about":[{"href":"https:\/\/compras.tierradelfuego.gob.ar\/index.php?rest_route=\/wp\/v2\/types\/post"}],"author":[{"embeddable":true,"href":"https:\/\/compras.tierradelfuego.gob.ar\/index.php?rest_route=\/wp\/v2\/users\/17"}],"replies":[{"embeddable":true,"href":"https:\/\/compras.tierradelfuego.gob.ar\/index.php?rest_route=%2Fwp%2Fv2%2Fcomments&post=65840"}],"version-history":[{"count":0,"href":"https:\/\/compras.tierradelfuego.gob.ar\/index.php?rest_route=\/wp\/v2\/posts\/65840\/revisions"}],"wp:attachment":[{"href":"https:\/\/compras.tierradelfuego.gob.ar\/index.php?rest_route=%2Fwp%2Fv2%2Fmedia&parent=65840"}],"wp:term":[{"taxonomy":"category","embeddable":true,"href":"https:\/\/compras.tierradelfuego.gob.ar\/index.php?rest_route=%2Fwp%2Fv2%2Fcategories&post=65840"},{"taxonomy":"post_tag","embeddable":true,"href":"https:\/\/compras.tierradelfuego.gob.ar\/index.php?rest_route=%2Fwp%2Fv2%2Ftags&post=65840"}],"curies":[{"name":"wp","href":"https:\/\/api.w.org\/{rel}","templated":true}]}}