{"id":63193,"date":"2021-02-26T15:39:47","date_gmt":"2021-02-26T18:39:47","guid":{"rendered":"http:\/\/compras.tierradelfuego.gov.ar\/?p=63193"},"modified":"2021-02-26T15:39:47","modified_gmt":"2021-02-26T18:39:47","slug":"comunicado-no-29-contratacion-directa","status":"publish","type":"post","link":"https:\/\/compras.tierradelfuego.gob.ar\/?p=63193","title":{"rendered":"COMUNICADO N\u00ba 29 \u2013 CONTRATACI\u00d3N DIRECTA"},"content":{"rendered":"<p style=\"text-align: center;\">COMUNICADO N\u00ba 29 \u2013 CONTRATACI\u00d3N DIRECTA<\/p>\n<p style=\"text-align: center;\">\n<p style=\"text-align: center;\"><em>POR MEDIO DE LA PRESENTE SE COMUNICA LA CONTRATACI\u00d3N DE LA LOCACI\u00d3N DE SERVICIOS DE LA DRA. SCHNORR SANDRA, POR UN PERIODO DE TRES (3) MESES &#8211; EXPEDIENTE N\u00ba 353\/2021 &#8211; ART\u00cdCULO N\u00ba 18 INCISO k, DE LA LEY\u00a0 (P) 1015, Y RESOLUCION O.P.C N\u00ba 202\/20 &#8211; CONFORME A LO DEFINIDO EN LA NOTA N\u00ba 85\/21, Letra: DIRECCION GENERAL PREVISIONAL CPSPTF, A LOS FINES DE DAR CUMPLIMIENTO A LO ESTABLECIDO EN EL ART\u00cdCULO 34 DE LA LEY (p) 1015.<\/em><\/p>\n<p>&nbsp;<\/p>\n<p>&nbsp;<\/p>\n","protected":false},"excerpt":{"rendered":"<p>COMUNICADO N\u00ba 29 \u2013 CONTRATACI\u00d3N DIRECTA POR MEDIO DE LA PRESENTE SE COMUNICA LA CONTRATACI\u00d3N DE LA LOCACI\u00d3N DE SERVICIOS DE LA DRA. SCHNORR SANDRA, POR UN PERIODO DE TRES (3) MESES &#8211; EXPEDIENTE N\u00ba 353\/2021 &#8211; ART\u00cdCULO N\u00ba 18 INCISO k, DE LA LEY\u00a0 (P) 1015, Y RESOLUCION O.P.C N\u00ba 202\/20 &#8211; CONFORME A [&hellip;]<\/p>\n","protected":false},"author":17,"featured_media":0,"comment_status":"open","ping_status":"open","sticky":false,"template":"","format":"standard","meta":{"footnotes":""},"categories":[166,3,149,6,11],"tags":[],"class_list":["post-63193","post","type-post","status-publish","format-standard","hentry","category-caja-prevision-personal-policia","category-compras","category-comunicado","category-descargar","category-directa"],"_links":{"self":[{"href":"https:\/\/compras.tierradelfuego.gob.ar\/index.php?rest_route=\/wp\/v2\/posts\/63193","targetHints":{"allow":["GET"]}}],"collection":[{"href":"https:\/\/compras.tierradelfuego.gob.ar\/index.php?rest_route=\/wp\/v2\/posts"}],"about":[{"href":"https:\/\/compras.tierradelfuego.gob.ar\/index.php?rest_route=\/wp\/v2\/types\/post"}],"author":[{"embeddable":true,"href":"https:\/\/compras.tierradelfuego.gob.ar\/index.php?rest_route=\/wp\/v2\/users\/17"}],"replies":[{"embeddable":true,"href":"https:\/\/compras.tierradelfuego.gob.ar\/index.php?rest_route=%2Fwp%2Fv2%2Fcomments&post=63193"}],"version-history":[{"count":0,"href":"https:\/\/compras.tierradelfuego.gob.ar\/index.php?rest_route=\/wp\/v2\/posts\/63193\/revisions"}],"wp:attachment":[{"href":"https:\/\/compras.tierradelfuego.gob.ar\/index.php?rest_route=%2Fwp%2Fv2%2Fmedia&parent=63193"}],"wp:term":[{"taxonomy":"category","embeddable":true,"href":"https:\/\/compras.tierradelfuego.gob.ar\/index.php?rest_route=%2Fwp%2Fv2%2Fcategories&post=63193"},{"taxonomy":"post_tag","embeddable":true,"href":"https:\/\/compras.tierradelfuego.gob.ar\/index.php?rest_route=%2Fwp%2Fv2%2Ftags&post=63193"}],"curies":[{"name":"wp","href":"https:\/\/api.w.org\/{rel}","templated":true}]}}