{"id":60094,"date":"2021-01-13T09:56:22","date_gmt":"2021-01-13T12:56:22","guid":{"rendered":"http:\/\/compras.tierradelfuego.gov.ar\/?p=60094"},"modified":"2021-01-13T10:00:42","modified_gmt":"2021-01-13T13:00:42","slug":"compra-directa-n-12672021-adquisicion-de-insumos-para-cirugia-osef","status":"publish","type":"post","link":"https:\/\/compras.tierradelfuego.gob.ar\/?p=60094","title":{"rendered":"COMPRA DIRECTA N\u00b0 1267\/2021 &#8211; ADQUISICI\u00d3N DE INSUMOS PARA CIRUG\u00cdA. OSEF."},"content":{"rendered":"<p><strong>COMPRA DIRECTA N\u00b0 1267\/2021 &#8211; EXPTE. ELECTR\u00d3NICO N\u00b0 152\/2021.<\/strong><strong>\u00a0<\/strong><\/p>\n<p><strong>OBJETO DE LA CONTRATACI\u00d3N:<\/strong> ADQUISICI\u00d3N DE INSUMOS PARA CIRUG\u00cdA.<\/p>\n<p><strong>\u00c1REA GENERADORA:<\/strong> DEPTO. COMPRAS ASISTENCIALES RG &#8211; O.S.P.T.F.<\/p>\n<p><strong>FECHA Y LUGAR DE RECEPCI\u00d3N DE OFERTAS:\u00a0<\/strong>14\/01\/2021 \u2013 09:00HS. \u00a0\u2013 PERITO MORENO N\u00b0 38 \u2013 R\u00cdO GRANDE.<\/p>\n<p><strong>CONTACTO PARA CONSULTAS:<\/strong>\u00a002964-420476\u00a0\u00d3\u00a0<a href=\"mailto:COMPRASASISTENCIALESRG@OSEF.GOB.AR\">COMPRASASISTENCIALESRG@OSEF.GOB.AR<\/a><\/p>\n<p><strong><a href=\"http:\/\/compras.tierradelfuego.gov.ar\/wp-content\/uploads\/2021\/01\/SOLICITUD-DE-COTIZACI\u00d3N32.pdf\">SOLICITUD DE COTIZACI\u00d3N<\/a><\/strong><\/p>\n","protected":false},"excerpt":{"rendered":"<p>COMPRA DIRECTA N\u00b0 1267\/2021 &#8211; EXPTE. ELECTR\u00d3NICO N\u00b0 152\/2021.\u00a0 OBJETO DE LA CONTRATACI\u00d3N: ADQUISICI\u00d3N DE INSUMOS PARA CIRUG\u00cdA. \u00c1REA GENERADORA: DEPTO. COMPRAS ASISTENCIALES RG &#8211; O.S.P.T.F. FECHA Y LUGAR DE RECEPCI\u00d3N DE OFERTAS:\u00a014\/01\/2021 \u2013 09:00HS. \u00a0\u2013 PERITO MORENO N\u00b0 38 \u2013 R\u00cdO GRANDE. CONTACTO PARA CONSULTAS:\u00a002964-420476\u00a0\u00d3\u00a0COMPRASASISTENCIALESRG@OSEF.GOB.AR SOLICITUD DE COTIZACI\u00d3N<\/p>\n","protected":false},"author":20,"featured_media":0,"comment_status":"open","ping_status":"open","sticky":false,"template":"","format":"standard","meta":{"footnotes":""},"categories":[3,11,139],"tags":[],"class_list":["post-60094","post","type-post","status-publish","format-standard","hentry","category-compras","category-directa","category-obra-social-de-la-provincia-de-tierra-del-fuego-osptf"],"_links":{"self":[{"href":"https:\/\/compras.tierradelfuego.gob.ar\/index.php?rest_route=\/wp\/v2\/posts\/60094","targetHints":{"allow":["GET"]}}],"collection":[{"href":"https:\/\/compras.tierradelfuego.gob.ar\/index.php?rest_route=\/wp\/v2\/posts"}],"about":[{"href":"https:\/\/compras.tierradelfuego.gob.ar\/index.php?rest_route=\/wp\/v2\/types\/post"}],"author":[{"embeddable":true,"href":"https:\/\/compras.tierradelfuego.gob.ar\/index.php?rest_route=\/wp\/v2\/users\/20"}],"replies":[{"embeddable":true,"href":"https:\/\/compras.tierradelfuego.gob.ar\/index.php?rest_route=%2Fwp%2Fv2%2Fcomments&post=60094"}],"version-history":[{"count":0,"href":"https:\/\/compras.tierradelfuego.gob.ar\/index.php?rest_route=\/wp\/v2\/posts\/60094\/revisions"}],"wp:attachment":[{"href":"https:\/\/compras.tierradelfuego.gob.ar\/index.php?rest_route=%2Fwp%2Fv2%2Fmedia&parent=60094"}],"wp:term":[{"taxonomy":"category","embeddable":true,"href":"https:\/\/compras.tierradelfuego.gob.ar\/index.php?rest_route=%2Fwp%2Fv2%2Fcategories&post=60094"},{"taxonomy":"post_tag","embeddable":true,"href":"https:\/\/compras.tierradelfuego.gob.ar\/index.php?rest_route=%2Fwp%2Fv2%2Ftags&post=60094"}],"curies":[{"name":"wp","href":"https:\/\/api.w.org\/{rel}","templated":true}]}}