{"id":52365,"date":"2020-09-28T10:58:06","date_gmt":"2020-09-28T13:58:06","guid":{"rendered":"http:\/\/compras.tierradelfuego.gov.ar\/?p=52365"},"modified":"2020-09-28T10:58:27","modified_gmt":"2020-09-28T13:58:27","slug":"acta-de-preadjudicacion-licitacion-privada-n-012020-adquisicion-de-computadoras-de-gabinete-para-la-escuela-superior-de-policia-policia-provincial","status":"publish","type":"post","link":"https:\/\/compras.tierradelfuego.gob.ar\/?p=52365","title":{"rendered":"ACTA DE PREADJUDICACI\u00d3N &#8211; LICITACI\u00d3N PRIVADA N\u00b0 01\/2020 &#8211; ADQUISICI\u00d3N DE COMPUTADORAS DE GABINETE PARA LA ESCUELA SUPERIOR DE POLIC\u00cdA- POLIC\u00cdA PROVINCIAL."},"content":{"rendered":"<p><strong>LICITACI\u00d3N PRIVADA N\u00b0 01\/2020 &#8211; EXPTE. N\u00b0 17188\/2020.<\/strong><\/p>\n<p><strong>DIFUSI\u00d3N\u00a0 ACTA DE PREADJUDICACI\u00d3N.<\/strong><\/p>\n<p><strong>OBJETO:<\/strong> ADQUISICI\u00d3N DE COMPUTADORAS DE GABINETE PARA LA ESCUELA SUPERIOR DE POLIC\u00cdA- POLIC\u00cdA PROVINCIAL.<\/p>\n<p><strong><a href=\"http:\/\/compras.tierradelfuego.gov.ar\/wp-content\/uploads\/2020\/09\/ACTA-DE-PREADJUDICACI\u00d3N.pdf\">ACTA DE PREADJUDICACI\u00d3N<\/a><\/strong><\/p>\n","protected":false},"excerpt":{"rendered":"<p>LICITACI\u00d3N PRIVADA N\u00b0 01\/2020 &#8211; EXPTE. N\u00b0 17188\/2020. DIFUSI\u00d3N\u00a0 ACTA DE PREADJUDICACI\u00d3N. OBJETO: ADQUISICI\u00d3N DE COMPUTADORAS DE GABINETE PARA LA ESCUELA SUPERIOR DE POLIC\u00cdA- POLIC\u00cdA PROVINCIAL. ACTA DE PREADJUDICACI\u00d3N<\/p>\n","protected":false},"author":20,"featured_media":0,"comment_status":"open","ping_status":"open","sticky":false,"template":"","format":"standard","meta":{"footnotes":""},"categories":[3,18,99],"tags":[],"class_list":["post-52365","post","type-post","status-publish","format-standard","hentry","category-compras","category-licitacion-privada","category-policia-tdf"],"_links":{"self":[{"href":"https:\/\/compras.tierradelfuego.gob.ar\/index.php?rest_route=\/wp\/v2\/posts\/52365","targetHints":{"allow":["GET"]}}],"collection":[{"href":"https:\/\/compras.tierradelfuego.gob.ar\/index.php?rest_route=\/wp\/v2\/posts"}],"about":[{"href":"https:\/\/compras.tierradelfuego.gob.ar\/index.php?rest_route=\/wp\/v2\/types\/post"}],"author":[{"embeddable":true,"href":"https:\/\/compras.tierradelfuego.gob.ar\/index.php?rest_route=\/wp\/v2\/users\/20"}],"replies":[{"embeddable":true,"href":"https:\/\/compras.tierradelfuego.gob.ar\/index.php?rest_route=%2Fwp%2Fv2%2Fcomments&post=52365"}],"version-history":[{"count":0,"href":"https:\/\/compras.tierradelfuego.gob.ar\/index.php?rest_route=\/wp\/v2\/posts\/52365\/revisions"}],"wp:attachment":[{"href":"https:\/\/compras.tierradelfuego.gob.ar\/index.php?rest_route=%2Fwp%2Fv2%2Fmedia&parent=52365"}],"wp:term":[{"taxonomy":"category","embeddable":true,"href":"https:\/\/compras.tierradelfuego.gob.ar\/index.php?rest_route=%2Fwp%2Fv2%2Fcategories&post=52365"},{"taxonomy":"post_tag","embeddable":true,"href":"https:\/\/compras.tierradelfuego.gob.ar\/index.php?rest_route=%2Fwp%2Fv2%2Ftags&post=52365"}],"curies":[{"name":"wp","href":"https:\/\/api.w.org\/{rel}","templated":true}]}}