{"id":48205,"date":"2020-07-31T11:50:08","date_gmt":"2020-07-31T14:50:08","guid":{"rendered":"http:\/\/compras.tierradelfuego.gov.ar\/?p=48205"},"modified":"2020-07-31T11:50:24","modified_gmt":"2020-07-31T14:50:24","slug":"compra-directa-n-212020-resolucion-general-aref-n-50820-orden-de-compra-n-22620-contratacion-de-servicios-tecnicos-y-profesionales-aref","status":"publish","type":"post","link":"https:\/\/compras.tierradelfuego.gob.ar\/?p=48205","title":{"rendered":"COMPRA DIRECTA N\u00b0 21\/2020 \u2013 RESOLUCI\u00d3N GENERAL AREF N\u00b0 508\/20 \u2013 ORDEN DE COMPRA N\u00b0 226\/20. CONTRATACI\u00d3N DE SERVICIOS T\u00c9CNICOS Y PROFESIONALES. AREF."},"content":{"rendered":"<p><strong>COMPRA DIRECTA N\u00b0 21\/2020 \u2013 EXPEDIENTE N\u00b0 373-AR\/2020.<\/strong><\/p>\n<p><strong>DIFUSI\u00d3N RESOLUCI\u00d3N GENERAL AREF N\u00b0 508\/20 \u2013 ORDEN DE COMPRA N\u00b0 226\/20.<\/strong><\/p>\n<p><strong>OBJETO:<\/strong> CONTRATACI\u00d3N DE SERVICIOS T\u00c9CNICOS Y PROFESIONALES. AREF.<\/p>\n<p><strong><a href=\"http:\/\/compras.tierradelfuego.gov.ar\/wp-content\/uploads\/2020\/07\/DESCARGAR-RESOLUCI\u00d3N-Y-ORDEN-DE-COMPRA5.zip\">DESCARGAR RESOLUCI\u00d3N Y ORDEN DE COMPRA<\/a><\/strong><\/p>\n","protected":false},"excerpt":{"rendered":"<p>COMPRA DIRECTA N\u00b0 21\/2020 \u2013 EXPEDIENTE N\u00b0 373-AR\/2020. DIFUSI\u00d3N RESOLUCI\u00d3N GENERAL AREF N\u00b0 508\/20 \u2013 ORDEN DE COMPRA N\u00b0 226\/20. OBJETO: CONTRATACI\u00d3N DE SERVICIOS T\u00c9CNICOS Y PROFESIONALES. AREF. DESCARGAR RESOLUCI\u00d3N Y ORDEN DE COMPRA<\/p>\n","protected":false},"author":20,"featured_media":0,"comment_status":"open","ping_status":"open","sticky":false,"template":"","format":"standard","meta":{"footnotes":""},"categories":[101,3,11],"tags":[],"class_list":["post-48205","post","type-post","status-publish","format-standard","hentry","category-aref","category-compras","category-directa"],"_links":{"self":[{"href":"https:\/\/compras.tierradelfuego.gob.ar\/index.php?rest_route=\/wp\/v2\/posts\/48205","targetHints":{"allow":["GET"]}}],"collection":[{"href":"https:\/\/compras.tierradelfuego.gob.ar\/index.php?rest_route=\/wp\/v2\/posts"}],"about":[{"href":"https:\/\/compras.tierradelfuego.gob.ar\/index.php?rest_route=\/wp\/v2\/types\/post"}],"author":[{"embeddable":true,"href":"https:\/\/compras.tierradelfuego.gob.ar\/index.php?rest_route=\/wp\/v2\/users\/20"}],"replies":[{"embeddable":true,"href":"https:\/\/compras.tierradelfuego.gob.ar\/index.php?rest_route=%2Fwp%2Fv2%2Fcomments&post=48205"}],"version-history":[{"count":0,"href":"https:\/\/compras.tierradelfuego.gob.ar\/index.php?rest_route=\/wp\/v2\/posts\/48205\/revisions"}],"wp:attachment":[{"href":"https:\/\/compras.tierradelfuego.gob.ar\/index.php?rest_route=%2Fwp%2Fv2%2Fmedia&parent=48205"}],"wp:term":[{"taxonomy":"category","embeddable":true,"href":"https:\/\/compras.tierradelfuego.gob.ar\/index.php?rest_route=%2Fwp%2Fv2%2Fcategories&post=48205"},{"taxonomy":"post_tag","embeddable":true,"href":"https:\/\/compras.tierradelfuego.gob.ar\/index.php?rest_route=%2Fwp%2Fv2%2Ftags&post=48205"}],"curies":[{"name":"wp","href":"https:\/\/api.w.org\/{rel}","templated":true}]}}