{"id":44135,"date":"2020-04-30T13:23:36","date_gmt":"2020-04-30T16:23:36","guid":{"rendered":"http:\/\/compras.tierradelfuego.gov.ar\/?p=44135"},"modified":"2020-04-30T13:23:36","modified_gmt":"2020-04-30T16:23:36","slug":"contratacion-directa-por-compulsa-abreviada-contratacion-de-un-profesional-enfermero-a-fin-de-brindar-servicios-bajo-la-orbita-de-la-direccion-de-atencion-primaria-zona-norte","status":"publish","type":"post","link":"https:\/\/compras.tierradelfuego.gob.ar\/?p=44135","title":{"rendered":"CONTRATACI\u00d3N DIRECTA POR COMPULSA ABREVIADA &#8211; CONTRATACI\u00d3N DE UN PROFESIONAL ENFERMERO A FIN DE BRINDAR SERVICIOS BAJO LA \u00d3RBITA DE LA DIRECCI\u00d3N DE ATENCI\u00d3N PRIMARIA ZONA NORTE"},"content":{"rendered":"<p><strong>CONTRATACI\u00d3N DIRECTA POR COMPULSA ABREVIADA &#8211; EXPEDIENTE N\u00ba 7952-MS-2020<\/strong><\/p>\n<p><strong>OBJETO:<\/strong> CONTRATACI\u00d3N DE UN PROFESIONAL ENFERMERO A FIN DE BRINDAR SERVICIOS BAJO LA \u00d3RBITA DE LA DIRECCI\u00d3N DE ATENCI\u00d3N PRIMARIA ZONA NORTE\u00bb<\/p>\n<p><strong>FECHA L\u00cdMITE DE PRESENTACI\u00d3N DE OFERTAS:\u00a0<\/strong>06\/05\/2020<\/p>\n<p><strong>HORA:<\/strong> 12:00 HORAS.<\/p>\n<p><strong>LUGAR DE PRESENTACI\u00d3N:<\/strong> DIRECCI\u00d3N DE CONTRATACIONES &#8211; D.P.A.J.S.-M.S. &#8211; DOMICILIO: AVDA. LEANDRO N. ALEM N\u00ba 629 &#8211; 4\u00ba PISO &#8211; (9410) USHUAIA &#8211; T.D.F.<\/p>\n<p><strong>ADJUNTO:<\/strong> RESOLUCI\u00d3N SS.G.R.H.S. N\u00ba 14\/2020 Y ANEXO I, EL QUE CONSTA DE: PLIEGO DE BASES Y CONDICIONES DE CONTRATACI\u00d3N DIRECTA- COMPULSA ABREVIADA (CON ANEXOS I Y II DEL MISMO)<\/p>\n<p><strong>ANTE LA NECESIDAD DE FORMULAR CUALQUIER CONSULTA RESPECTO DEL PRESENTE, SE INFORMA QUE PODR\u00c1 CONTACTARSE CON\u00a0\u00a0<\/strong><br \/>\n<strong> CONTRATACIONESDGASMS@TIERRADELFUEGO.GOV.AR\u00a0\u00a0O BIEN AL NUMERO TELEF\u00d3NICO (TEL.\u00a0<a href=\"callto:02901-591181\">02901-591181<\/a>)<\/strong><\/p>\n<p>&nbsp;<\/p>\n<p><strong><a href=\"http:\/\/compras.tierradelfuego.gov.ar\/wp-content\/uploads\/2020\/04\/DESCARGAR-PLIEGO12.pdf\">DESCARGAR PLIEGO<\/a><\/strong><\/p>\n","protected":false},"excerpt":{"rendered":"<p>CONTRATACI\u00d3N DIRECTA POR COMPULSA ABREVIADA &#8211; EXPEDIENTE N\u00ba 7952-MS-2020 OBJETO: CONTRATACI\u00d3N DE UN PROFESIONAL ENFERMERO A FIN DE BRINDAR SERVICIOS BAJO LA \u00d3RBITA DE LA DIRECCI\u00d3N DE ATENCI\u00d3N PRIMARIA ZONA NORTE\u00bb FECHA L\u00cdMITE DE PRESENTACI\u00d3N DE OFERTAS:\u00a006\/05\/2020 HORA: 12:00 HORAS. LUGAR DE PRESENTACI\u00d3N: DIRECCI\u00d3N DE CONTRATACIONES &#8211; D.P.A.J.S.-M.S. &#8211; DOMICILIO: AVDA. LEANDRO N. ALEM N\u00ba [&hellip;]<\/p>\n","protected":false},"author":18,"featured_media":0,"comment_status":"open","ping_status":"open","sticky":false,"template":"","format":"standard","meta":{"footnotes":""},"categories":[3,11,25],"tags":[],"class_list":["post-44135","post","type-post","status-publish","format-standard","hentry","category-compras","category-directa","category-ministerio-de-salud"],"_links":{"self":[{"href":"https:\/\/compras.tierradelfuego.gob.ar\/index.php?rest_route=\/wp\/v2\/posts\/44135","targetHints":{"allow":["GET"]}}],"collection":[{"href":"https:\/\/compras.tierradelfuego.gob.ar\/index.php?rest_route=\/wp\/v2\/posts"}],"about":[{"href":"https:\/\/compras.tierradelfuego.gob.ar\/index.php?rest_route=\/wp\/v2\/types\/post"}],"author":[{"embeddable":true,"href":"https:\/\/compras.tierradelfuego.gob.ar\/index.php?rest_route=\/wp\/v2\/users\/18"}],"replies":[{"embeddable":true,"href":"https:\/\/compras.tierradelfuego.gob.ar\/index.php?rest_route=%2Fwp%2Fv2%2Fcomments&post=44135"}],"version-history":[{"count":0,"href":"https:\/\/compras.tierradelfuego.gob.ar\/index.php?rest_route=\/wp\/v2\/posts\/44135\/revisions"}],"wp:attachment":[{"href":"https:\/\/compras.tierradelfuego.gob.ar\/index.php?rest_route=%2Fwp%2Fv2%2Fmedia&parent=44135"}],"wp:term":[{"taxonomy":"category","embeddable":true,"href":"https:\/\/compras.tierradelfuego.gob.ar\/index.php?rest_route=%2Fwp%2Fv2%2Fcategories&post=44135"},{"taxonomy":"post_tag","embeddable":true,"href":"https:\/\/compras.tierradelfuego.gob.ar\/index.php?rest_route=%2Fwp%2Fv2%2Ftags&post=44135"}],"curies":[{"name":"wp","href":"https:\/\/api.w.org\/{rel}","templated":true}]}}