{"id":42011,"date":"2020-02-26T10:48:36","date_gmt":"2020-02-26T13:48:36","guid":{"rendered":"http:\/\/compras.tierradelfuego.gov.ar\/?p=42011"},"modified":"2020-02-26T10:48:36","modified_gmt":"2020-02-26T13:48:36","slug":"compra-directa-n32020-llamado-n-1-contratacion-para-el-alquiler-de-equipos-de-fotocopiadoras-destinados-a-las-areas-administrativas-dependientes-del-ministerio-jefatura-de-gabinete","status":"publish","type":"post","link":"https:\/\/compras.tierradelfuego.gob.ar\/?p=42011","title":{"rendered":"COMPRA DIRECTA N\u00b03\/2020 &#8211; LLAMADO N\u00b0 1 &#8211; CONTRATACI\u00d3N PARA EL ALQUILER DE EQUIPOS DE FOTOCOPIADORAS DESTINADOS A LAS \u00c1REAS ADMINISTRATIVAS DEPENDIENTES DEL MINISTERIO JEFATURA DE GABINETE"},"content":{"rendered":"<p><strong>COMPRA DIRECTA N\u00b03\/2020 &#8211; LLAMADO N\u00b0 1 &#8211; EXPEDIENTE MJG &#8211; E- 776-2020 <\/strong><\/p>\n<p><strong>OBJETO:<\/strong> CONTRATACI\u00d3N PARA EL ALQUILER DE EQUIPOS DE FOTOCOPIADORAS DESTINADOS A LAS \u00c1REAS ADMINISTRATIVAS DEPENDIENTES DEL MINISTERIO JEFATURA DE GABINETE.<\/p>\n<p><strong>RECEPCI\u00d3N DE OFERTA HASTA EL D\u00cdA:<\/strong> 28\/02\/2020 15:00 HS EN LA DIR. GRAL. DE ADM. FINANACIERA &#8211; MINISTERIO DE JEFATURA DE GABINETE, SAN MART\u00cdN 450<\/p>\n<p><strong>TEL\u00c9FONO:<\/strong> 441273<\/p>\n<p>&nbsp;<\/p>\n<p><strong><a href=\"http:\/\/compras.tierradelfuego.gov.ar\/wp-content\/uploads\/2020\/02\/DESCARGAR-SOLICITUD-DE-COTIZACI\u00d3N11.zip\">DESCARGAR SOLICITUD DE COTIZACI\u00d3N<\/a><\/strong><\/p>\n","protected":false},"excerpt":{"rendered":"<p>COMPRA DIRECTA N\u00b03\/2020 &#8211; LLAMADO N\u00b0 1 &#8211; EXPEDIENTE MJG &#8211; E- 776-2020 OBJETO: CONTRATACI\u00d3N PARA EL ALQUILER DE EQUIPOS DE FOTOCOPIADORAS DESTINADOS A LAS \u00c1REAS ADMINISTRATIVAS DEPENDIENTES DEL MINISTERIO JEFATURA DE GABINETE. RECEPCI\u00d3N DE OFERTA HASTA EL D\u00cdA: 28\/02\/2020 15:00 HS EN LA DIR. GRAL. DE ADM. FINANACIERA &#8211; MINISTERIO DE JEFATURA DE GABINETE, [&hellip;]<\/p>\n","protected":false},"author":18,"featured_media":0,"comment_status":"open","ping_status":"open","sticky":false,"template":"","format":"standard","meta":{"footnotes":""},"categories":[3,11,102],"tags":[],"class_list":["post-42011","post","type-post","status-publish","format-standard","hentry","category-compras","category-directa","category-ministerio-de-jefatura-de-gabinete"],"_links":{"self":[{"href":"https:\/\/compras.tierradelfuego.gob.ar\/index.php?rest_route=\/wp\/v2\/posts\/42011","targetHints":{"allow":["GET"]}}],"collection":[{"href":"https:\/\/compras.tierradelfuego.gob.ar\/index.php?rest_route=\/wp\/v2\/posts"}],"about":[{"href":"https:\/\/compras.tierradelfuego.gob.ar\/index.php?rest_route=\/wp\/v2\/types\/post"}],"author":[{"embeddable":true,"href":"https:\/\/compras.tierradelfuego.gob.ar\/index.php?rest_route=\/wp\/v2\/users\/18"}],"replies":[{"embeddable":true,"href":"https:\/\/compras.tierradelfuego.gob.ar\/index.php?rest_route=%2Fwp%2Fv2%2Fcomments&post=42011"}],"version-history":[{"count":0,"href":"https:\/\/compras.tierradelfuego.gob.ar\/index.php?rest_route=\/wp\/v2\/posts\/42011\/revisions"}],"wp:attachment":[{"href":"https:\/\/compras.tierradelfuego.gob.ar\/index.php?rest_route=%2Fwp%2Fv2%2Fmedia&parent=42011"}],"wp:term":[{"taxonomy":"category","embeddable":true,"href":"https:\/\/compras.tierradelfuego.gob.ar\/index.php?rest_route=%2Fwp%2Fv2%2Fcategories&post=42011"},{"taxonomy":"post_tag","embeddable":true,"href":"https:\/\/compras.tierradelfuego.gob.ar\/index.php?rest_route=%2Fwp%2Fv2%2Ftags&post=42011"}],"curies":[{"name":"wp","href":"https:\/\/api.w.org\/{rel}","templated":true}]}}