{"id":40925,"date":"2020-01-27T15:18:53","date_gmt":"2020-01-27T18:18:53","guid":{"rendered":"http:\/\/compras.tierradelfuego.gov.ar\/?p=40925"},"modified":"2020-01-27T15:19:19","modified_gmt":"2020-01-27T18:19:19","slug":"contratacion-directa-no-022020-convocatoria-obra-de-mantenimiento-correctivo-colegio-provincial-soberania-nacional-rio-grande","status":"publish","type":"post","link":"https:\/\/compras.tierradelfuego.gob.ar\/?p=40925","title":{"rendered":"CONTRATACI\u00d3N DIRECTA N\u00ba 02\/2020 &#8211; CONVOCATORIA OBRA DE MANTENIMIENTO CORRECTIVO COLEGIO PROVINCIAL SOBERANIA NACIONAL &#8211; R\u00cdO GRANDE"},"content":{"rendered":"<p>EL MINISTERIO DE OBRAS Y SERVICIOS P\u00daBLICOS DE LA PROVINCIA DE TIERRA DEL FUEGO,<\/p>\n<p>ANT\u00c1RTIDA E ISLAS DEL ATL\u00c1NTICO SUR<\/p>\n<p>CONVOCA A PARTICIPAR DE LA CONTRATACI\u00d3N DIRECTA N\u00ba 02\/2020.<\/p>\n<p>REFERENTE A LOS TRABAJOS DE LA OBRA DE:<\/p>\n<p>DE MANTENIMIENTO CORRECTIVO COLEGIO PROVINCIAL SOBERANIA NACIONAL &#8211; R\u00cdO GRANDE<\/p>\n<p>LOS TRABAJOS DE LA PRESENTE OBRA TIENEN POR OBJETO LA REFACCI\u00d3N DEL EDIFICIO ESCOLAR, ELLO ENTRE OTRAS TAREAS, SEG\u00daN LO ESTABLECIDO EN EL PLIEGO APROBADO.<\/p>\n<p>EXPEDIENTE N\u00b0 227\/2020<\/p>\n<p>PRESUPUESTO OFICIAL: $ 3.599.625,20<\/p>\n<p>GARANT\u00cdA DE OFERTA: $ 35.996,25<\/p>\n<p>SISTEMA DE CONTRATACI\u00d3N: AJUSTE ALZADO.<\/p>\n<p>PLAZO DE EJECUCI\u00d3N: 30 D\u00cdAS CORRIDOS.<\/p>\n<p>CONSULTA Y RETIRO DE PLIEGOS:<\/p>\n<ul>\n<li>SECRETAR\u00cdA DE OBRAS P\u00daBLICAS ZONA NORTE Y CENTRO.<\/li>\n<\/ul>\n<p>LUGAR DE APERTURA:<\/p>\n<ul>\n<li>SECRETAR\u00cdA DE OBRAS P\u00daBLICAS ZONA NORTE Y CENTRO.<\/li>\n<\/ul>\n<p>VALOR DEL PLIEGO: SIN COSTO<\/p>\n<p>PRESENTACI\u00d3N DE LAS OFERTAS: EL D\u00cdA DE APERTURA EN LA MESA DE ENTRADAS DE LA SECRETAR\u00cdA DE OBRAS P\u00daBLICAS ZONA NORTE Y CENTRO, SITA EN CALLE MAR\u00cdA AUXILIADORA N\u00ba 464 \u2013 DE LA CIUDAD DE R\u00cdO GRANDE, HASTA LAS 13:00 HS.<\/p>\n<p>FECHA DE APERTURA: 28\/01\/2020<\/p>\n<p>HORA: 14:00 HS.<\/p>\n","protected":false},"excerpt":{"rendered":"<p>EL MINISTERIO DE OBRAS Y SERVICIOS P\u00daBLICOS DE LA PROVINCIA DE TIERRA DEL FUEGO, ANT\u00c1RTIDA E ISLAS DEL ATL\u00c1NTICO SUR CONVOCA A PARTICIPAR DE LA CONTRATACI\u00d3N DIRECTA N\u00ba 02\/2020. REFERENTE A LOS TRABAJOS DE LA OBRA DE: DE MANTENIMIENTO CORRECTIVO COLEGIO PROVINCIAL SOBERANIA NACIONAL &#8211; R\u00cdO GRANDE LOS TRABAJOS DE LA PRESENTE OBRA TIENEN POR [&hellip;]<\/p>\n","protected":false},"author":20,"featured_media":0,"comment_status":"open","ping_status":"open","sticky":false,"template":"","format":"standard","meta":{"footnotes":""},"categories":[3,11,129],"tags":[],"class_list":["post-40925","post","type-post","status-publish","format-standard","hentry","category-compras","category-directa","category-ministerio-de-obras-y-serv-publicos"],"_links":{"self":[{"href":"https:\/\/compras.tierradelfuego.gob.ar\/index.php?rest_route=\/wp\/v2\/posts\/40925","targetHints":{"allow":["GET"]}}],"collection":[{"href":"https:\/\/compras.tierradelfuego.gob.ar\/index.php?rest_route=\/wp\/v2\/posts"}],"about":[{"href":"https:\/\/compras.tierradelfuego.gob.ar\/index.php?rest_route=\/wp\/v2\/types\/post"}],"author":[{"embeddable":true,"href":"https:\/\/compras.tierradelfuego.gob.ar\/index.php?rest_route=\/wp\/v2\/users\/20"}],"replies":[{"embeddable":true,"href":"https:\/\/compras.tierradelfuego.gob.ar\/index.php?rest_route=%2Fwp%2Fv2%2Fcomments&post=40925"}],"version-history":[{"count":0,"href":"https:\/\/compras.tierradelfuego.gob.ar\/index.php?rest_route=\/wp\/v2\/posts\/40925\/revisions"}],"wp:attachment":[{"href":"https:\/\/compras.tierradelfuego.gob.ar\/index.php?rest_route=%2Fwp%2Fv2%2Fmedia&parent=40925"}],"wp:term":[{"taxonomy":"category","embeddable":true,"href":"https:\/\/compras.tierradelfuego.gob.ar\/index.php?rest_route=%2Fwp%2Fv2%2Fcategories&post=40925"},{"taxonomy":"post_tag","embeddable":true,"href":"https:\/\/compras.tierradelfuego.gob.ar\/index.php?rest_route=%2Fwp%2Fv2%2Ftags&post=40925"}],"curies":[{"name":"wp","href":"https:\/\/api.w.org\/{rel}","templated":true}]}}