{"id":40917,"date":"2020-01-27T12:49:38","date_gmt":"2020-01-27T15:49:38","guid":{"rendered":"http:\/\/compras.tierradelfuego.gov.ar\/?p=40917"},"modified":"2020-01-27T12:49:38","modified_gmt":"2020-01-27T15:49:38","slug":"compra-directa-no-042020-adquisicion-de-insumos-de-ferreteria-destinadas-a-tareas-pedagogicas-ciclo-lectivo-2020-de-la-escuela-provincial-no-38-raul-ricardo-alfonsin-base-antartica-esperanza","status":"publish","type":"post","link":"https:\/\/compras.tierradelfuego.gob.ar\/?p=40917","title":{"rendered":"COMPRA DIRECTA N\u00ba 04\/2020 &#8211; ADQUISICI\u00d3N DE INSUMOS DE FERRETER\u00cdA DESTINADAS A TAREAS PEDAG\u00d3GICAS CICLO LECTIVO 2020 DE LA ESCUELA PROVINCIAL N\u00ba 38 RAUL RICARDO ALFONSIN &#8211; BASE ANTARTICA ESPERANZA."},"content":{"rendered":"<p><strong>COMPRA DIRECTA N\u00ba 04\/2020 &#8211; EXPEDIENTE MECCT-E N\u00b0 607\/2020.<\/strong><\/p>\n<p><strong>OBJETO: <\/strong>ADQUISICI\u00d3N DE INSUMOS DE FERRETER\u00cdA DESTINADAS A TAREAS PEDAG\u00d3GICAS CICLO LECTIVO 2020 DE LA ESCUELA PROVINCIAL N\u00ba 38 RAUL RICARDO ALFONSIN &#8211; BASE ANTARTICA ESPERANZA.<\/p>\n<p><strong>\u00c1REA SOLICITANTE:<\/strong> DIRECCI\u00d3N DE COMPRAS, CONTRATACIONES Y PATRIMONIO &#8211; MINISTERIO DE EDUCACI\u00d3N, CULTURA, CIENCIA Y TECNOLOG\u00cdA.<\/p>\n<p><strong>FECHA L\u00cdMITE DE PRESENTACI\u00d3N DE OFERTAS:<\/strong> HASTA EL 29\/01\/2020 A LAS 15:15 HS.<\/p>\n<p><strong>LUGAR DE PRESENTACI\u00d3N:<\/strong> MESA DE ENTRADA \u2013 MIN. EDUCACI\u00d3N &#8211; PATAGONIA 416 &#8211; TIRA 10 CASA 52 &#8211; B\u00b0 60 VIVIENDAS.<\/p>\n<p><strong>CORREO ELECTR\u00d3NICO: <\/strong>DIRCCYPEDUCACION@TIERRADELFUEGO.GOV.AR<\/p>\n<p><strong><a href=\"http:\/\/compras.tierradelfuego.gov.ar\/wp-content\/uploads\/2020\/01\/DESCARGAR-SOLICITUD-DE-COTIZACI\u00d3N44.pdf\">DESCARGAR SOLICITUD DE COTIZACI\u00d3N<\/a><\/strong><\/p>\n","protected":false},"excerpt":{"rendered":"<p>COMPRA DIRECTA N\u00ba 04\/2020 &#8211; EXPEDIENTE MECCT-E N\u00b0 607\/2020. OBJETO: ADQUISICI\u00d3N DE INSUMOS DE FERRETER\u00cdA DESTINADAS A TAREAS PEDAG\u00d3GICAS CICLO LECTIVO 2020 DE LA ESCUELA PROVINCIAL N\u00ba 38 RAUL RICARDO ALFONSIN &#8211; BASE ANTARTICA ESPERANZA. \u00c1REA SOLICITANTE: DIRECCI\u00d3N DE COMPRAS, CONTRATACIONES Y PATRIMONIO &#8211; MINISTERIO DE EDUCACI\u00d3N, CULTURA, CIENCIA Y TECNOLOG\u00cdA. FECHA L\u00cdMITE DE PRESENTACI\u00d3N [&hellip;]<\/p>\n","protected":false},"author":20,"featured_media":0,"comment_status":"open","ping_status":"open","sticky":false,"template":"","format":"standard","meta":{"footnotes":""},"categories":[3,11,22],"tags":[],"class_list":["post-40917","post","type-post","status-publish","format-standard","hentry","category-compras","category-directa","category-ministerio-de-educacion"],"_links":{"self":[{"href":"https:\/\/compras.tierradelfuego.gob.ar\/index.php?rest_route=\/wp\/v2\/posts\/40917","targetHints":{"allow":["GET"]}}],"collection":[{"href":"https:\/\/compras.tierradelfuego.gob.ar\/index.php?rest_route=\/wp\/v2\/posts"}],"about":[{"href":"https:\/\/compras.tierradelfuego.gob.ar\/index.php?rest_route=\/wp\/v2\/types\/post"}],"author":[{"embeddable":true,"href":"https:\/\/compras.tierradelfuego.gob.ar\/index.php?rest_route=\/wp\/v2\/users\/20"}],"replies":[{"embeddable":true,"href":"https:\/\/compras.tierradelfuego.gob.ar\/index.php?rest_route=%2Fwp%2Fv2%2Fcomments&post=40917"}],"version-history":[{"count":0,"href":"https:\/\/compras.tierradelfuego.gob.ar\/index.php?rest_route=\/wp\/v2\/posts\/40917\/revisions"}],"wp:attachment":[{"href":"https:\/\/compras.tierradelfuego.gob.ar\/index.php?rest_route=%2Fwp%2Fv2%2Fmedia&parent=40917"}],"wp:term":[{"taxonomy":"category","embeddable":true,"href":"https:\/\/compras.tierradelfuego.gob.ar\/index.php?rest_route=%2Fwp%2Fv2%2Fcategories&post=40917"},{"taxonomy":"post_tag","embeddable":true,"href":"https:\/\/compras.tierradelfuego.gob.ar\/index.php?rest_route=%2Fwp%2Fv2%2Ftags&post=40917"}],"curies":[{"name":"wp","href":"https:\/\/api.w.org\/{rel}","templated":true}]}}