{"id":40131,"date":"2019-11-26T15:12:45","date_gmt":"2019-11-26T18:12:45","guid":{"rendered":"http:\/\/compras.tierradelfuego.gov.ar\/?p=40131"},"modified":"2019-11-27T15:18:17","modified_gmt":"2019-11-27T18:18:17","slug":"licitacion-publica-n-1319-acta-de-preadjudicacion-contratacion-del-alquiler-de-un-inmueble-destinado-al-funcionamiento-de-distintas-dependencias-del-ministerio-de-educacion-por-el-termino","status":"publish","type":"post","link":"https:\/\/compras.tierradelfuego.gob.ar\/?p=40131","title":{"rendered":"LICITACI\u00d3N P\u00daBLICA N\u00b0 13\/19 &#8211; ACTA DE PREADJUDICACI\u00d3N &#8211; CONTRATACI\u00d3N DEL ALQUILER DE UN INMUEBLE DESTINADO AL FUNCIONAMIENTO DE DISTINTAS DEPENDENCIAS DEL MINISTERIO DE EDUCACI\u00d3N, POR EL T\u00c9RMINO DE VEINTICUATRO (24) MESES."},"content":{"rendered":"<p><strong>LICITACI\u00d3N P\u00daBLICA N\u00b0 13\/19 &#8211; ACTA DE PREADJUDICACI\u00d3N.<\/strong><\/p>\n<p><strong>OBJETO:<\/strong> CONTRATACI\u00d3N DEL ALQUILER DE UN INMUEBLE DESTINADO AL FUNCIONAMIENTO DE DISTINTAS DEPENDENCIAS DEL MINISTERIO DE EDUCACI\u00d3N, POR EL T\u00c9RMINO DE VEINTICUATRO (24) MESES.<\/p>\n<p><strong><a href=\"http:\/\/compras.tierradelfuego.gov.ar\/wp-content\/uploads\/2019\/11\/DESCARGAR-ACTA-DE-PREADJUDICACI\u00d3N8.pdf\">DESCARGAR ACTA DE PREADJUDICACI\u00d3N<\/a><\/strong><\/p>\n","protected":false},"excerpt":{"rendered":"<p>LICITACI\u00d3N P\u00daBLICA N\u00b0 13\/19 &#8211; ACTA DE PREADJUDICACI\u00d3N. OBJETO: CONTRATACI\u00d3N DEL ALQUILER DE UN INMUEBLE DESTINADO AL FUNCIONAMIENTO DE DISTINTAS DEPENDENCIAS DEL MINISTERIO DE EDUCACI\u00d3N, POR EL T\u00c9RMINO DE VEINTICUATRO (24) MESES. DESCARGAR ACTA DE PREADJUDICACI\u00d3N<\/p>\n","protected":false},"author":20,"featured_media":0,"comment_status":"open","ping_status":"open","sticky":false,"template":"","format":"standard","meta":{"footnotes":""},"categories":[3,11,22],"tags":[],"class_list":["post-40131","post","type-post","status-publish","format-standard","hentry","category-compras","category-directa","category-ministerio-de-educacion"],"_links":{"self":[{"href":"https:\/\/compras.tierradelfuego.gob.ar\/index.php?rest_route=\/wp\/v2\/posts\/40131","targetHints":{"allow":["GET"]}}],"collection":[{"href":"https:\/\/compras.tierradelfuego.gob.ar\/index.php?rest_route=\/wp\/v2\/posts"}],"about":[{"href":"https:\/\/compras.tierradelfuego.gob.ar\/index.php?rest_route=\/wp\/v2\/types\/post"}],"author":[{"embeddable":true,"href":"https:\/\/compras.tierradelfuego.gob.ar\/index.php?rest_route=\/wp\/v2\/users\/20"}],"replies":[{"embeddable":true,"href":"https:\/\/compras.tierradelfuego.gob.ar\/index.php?rest_route=%2Fwp%2Fv2%2Fcomments&post=40131"}],"version-history":[{"count":0,"href":"https:\/\/compras.tierradelfuego.gob.ar\/index.php?rest_route=\/wp\/v2\/posts\/40131\/revisions"}],"wp:attachment":[{"href":"https:\/\/compras.tierradelfuego.gob.ar\/index.php?rest_route=%2Fwp%2Fv2%2Fmedia&parent=40131"}],"wp:term":[{"taxonomy":"category","embeddable":true,"href":"https:\/\/compras.tierradelfuego.gob.ar\/index.php?rest_route=%2Fwp%2Fv2%2Fcategories&post=40131"},{"taxonomy":"post_tag","embeddable":true,"href":"https:\/\/compras.tierradelfuego.gob.ar\/index.php?rest_route=%2Fwp%2Fv2%2Ftags&post=40131"}],"curies":[{"name":"wp","href":"https:\/\/api.w.org\/{rel}","templated":true}]}}