{"id":40106,"date":"2019-11-27T10:36:06","date_gmt":"2019-11-27T13:36:06","guid":{"rendered":"http:\/\/compras.tierradelfuego.gov.ar\/?p=40106"},"modified":"2019-11-27T10:36:06","modified_gmt":"2019-11-27T13:36:06","slug":"contratacion-directa-bajo-np-n-13130-compra-de-insumos-de-optica-o-s-p-t-f","status":"publish","type":"post","link":"https:\/\/compras.tierradelfuego.gob.ar\/?p=40106","title":{"rendered":"CONTRATACI\u00d3N DIRECTA BAJO NP N\u00b0 13\/130 &#8211; COMPRA DE INSUMOS DE OPTICA &#8211; O.S.P.T.F. &#8211;"},"content":{"rendered":"<p><strong>CONTRATACI\u00d3N DIRECTA BAJO NP N\u00b0 13-130 &#8211; EXPEDIENTE N\u00b0 143\/19<\/strong><\/p>\n<p><strong>OBJETO DE LA CONTRATACI\u00d3N:<\/strong> COMPRA DE INSUMOS DE OPTICA PARA OPTICA RIO GRANDE<\/p>\n<p><strong>AREA GENERADORA:<\/strong> DIRECCI\u00d3N DE FARMACIA Y AUDITORIA OSPTF<\/p>\n<p><strong>LUGAR Y FECHA DE RECEPCI\u00d3N<\/strong>: DFYA@OSEF.GOV.AR , 48HS<\/p>\n<p><strong>CONTACTO:<\/strong> DFYA@OSEF.GOV.AR<\/p>\n<p><strong>TEL\u00c9FONO:<\/strong> (02901) 422019<\/p>\n<p>&nbsp;<\/p>\n<p><strong><a href=\"http:\/\/compras.tierradelfuego.gov.ar\/wp-content\/uploads\/2019\/11\/DESCARGAR-SOLICITUD-DE-COTIZACI\u00d3N61.pdf\">DESCARGAR SOLICITUD DE COTIZACI\u00d3N<\/a><\/strong><\/p>\n","protected":false},"excerpt":{"rendered":"<p>CONTRATACI\u00d3N DIRECTA BAJO NP N\u00b0 13-130 &#8211; EXPEDIENTE N\u00b0 143\/19 OBJETO DE LA CONTRATACI\u00d3N: COMPRA DE INSUMOS DE OPTICA PARA OPTICA RIO GRANDE AREA GENERADORA: DIRECCI\u00d3N DE FARMACIA Y AUDITORIA OSPTF LUGAR Y FECHA DE RECEPCI\u00d3N: DFYA@OSEF.GOV.AR , 48HS CONTACTO: DFYA@OSEF.GOV.AR TEL\u00c9FONO: (02901) 422019 &nbsp; DESCARGAR SOLICITUD DE COTIZACI\u00d3N<\/p>\n","protected":false},"author":18,"featured_media":0,"comment_status":"open","ping_status":"open","sticky":false,"template":"","format":"standard","meta":{"footnotes":""},"categories":[3,11,139],"tags":[],"class_list":["post-40106","post","type-post","status-publish","format-standard","hentry","category-compras","category-directa","category-obra-social-de-la-provincia-de-tierra-del-fuego-osptf"],"_links":{"self":[{"href":"https:\/\/compras.tierradelfuego.gob.ar\/index.php?rest_route=\/wp\/v2\/posts\/40106","targetHints":{"allow":["GET"]}}],"collection":[{"href":"https:\/\/compras.tierradelfuego.gob.ar\/index.php?rest_route=\/wp\/v2\/posts"}],"about":[{"href":"https:\/\/compras.tierradelfuego.gob.ar\/index.php?rest_route=\/wp\/v2\/types\/post"}],"author":[{"embeddable":true,"href":"https:\/\/compras.tierradelfuego.gob.ar\/index.php?rest_route=\/wp\/v2\/users\/18"}],"replies":[{"embeddable":true,"href":"https:\/\/compras.tierradelfuego.gob.ar\/index.php?rest_route=%2Fwp%2Fv2%2Fcomments&post=40106"}],"version-history":[{"count":0,"href":"https:\/\/compras.tierradelfuego.gob.ar\/index.php?rest_route=\/wp\/v2\/posts\/40106\/revisions"}],"wp:attachment":[{"href":"https:\/\/compras.tierradelfuego.gob.ar\/index.php?rest_route=%2Fwp%2Fv2%2Fmedia&parent=40106"}],"wp:term":[{"taxonomy":"category","embeddable":true,"href":"https:\/\/compras.tierradelfuego.gob.ar\/index.php?rest_route=%2Fwp%2Fv2%2Fcategories&post=40106"},{"taxonomy":"post_tag","embeddable":true,"href":"https:\/\/compras.tierradelfuego.gob.ar\/index.php?rest_route=%2Fwp%2Fv2%2Ftags&post=40106"}],"curies":[{"name":"wp","href":"https:\/\/api.w.org\/{rel}","templated":true}]}}