{"id":39292,"date":"2019-10-30T09:51:56","date_gmt":"2019-10-30T12:51:56","guid":{"rendered":"http:\/\/compras.tierradelfuego.gov.ar\/?p=39292"},"modified":"2019-12-03T11:57:03","modified_gmt":"2019-12-03T14:57:03","slug":"licitacion-publica-n-3119-contratacion-del-alquiler-de-un-inmueble-en-la-ciudad-de-ushuaia-destinado-al-funcionamiento-de-las-oficinas-del-ministerio-de-industria-por-el-periodo-de-treinta","status":"publish","type":"post","link":"https:\/\/compras.tierradelfuego.gob.ar\/?p=39292","title":{"rendered":"LICITACI\u00d3N P\u00daBLICA N\u00b0 31\/19 &#8211; CONTRATACI\u00d3N DEL ALQUILER DE UN INMUEBLE, EN LA CIUDAD DE USHUAIA, DESTINADO AL FUNCIONAMIENTO DE LAS OFICINAS DEL MINISTERIO DE INDUSTRIA, POR EL PER\u00cdODO DE TREINTA Y SEIS (36) MESES &#8211;"},"content":{"rendered":"<p><strong>LICITACI\u00d3N P\u00daBLICA N\u00b0 31\/19<\/strong><\/p>\n<p><strong>OBJETO:<\/strong> CONTRATACI\u00d3N DEL ALQUILER DE UN INMUEBLE, EN LA CIUDAD DE USHUAIA, DESTINADO AL FUNCIONAMIENTO DE LAS OFICINAS DEL MINISTERIO DE INDUSTRIA, POR EL PER\u00cdODO DE TREINTA Y SEIS (36) MESES.<\/p>\n<p><strong>FECHA L\u00cdMITE DE RECEPCI\u00d3N DE OFERTAS:<\/strong> 22\/11\/2019 \u2013 14:00 HS.<\/p>\n<p><strong>FECHA DE APERTURA:<\/strong> 22\/11\/2019 A LAS 14:00 HS.<\/p>\n<p><strong>LUGAR DE RECEPCI\u00d3N DE SOBRES Y APERTURA:<\/strong> SAN MART\u00cdN N\u00ba 450, PISO 2\u00ba, CIUDAD DE USHUAIA \u2013 OFICINA DE LA DIRECCI\u00d3N GENERAL DE CONTRATACIONES, SECRETAR\u00cdA DE CONTRATACIONES.<\/p>\n<p><strong>VALOR DEL PLIEGO:<\/strong> SIN VALOR ECON\u00d3MICO.<\/p>\n<p><strong>CONSULTA DE PLIEGOS: <\/strong><a href=\"http:\/\/www.compras.tierradelfuego.gov.ar\">WWW.COMPRAS.TIERRADELFUEGO.GOV.AR<\/a><\/p>\n<p><strong><a href=\"http:\/\/compras.tierradelfuego.gov.ar\/wp-content\/uploads\/2019\/10\/DESCARGAR-ACTA-DE-PREADJUDICACI\u00d3N5.pdf\">DESCARGAR ACTA DE PREADJUDICACI\u00d3N<\/a><\/strong><\/p>\n<p><!--cforms name=\"LICITACI\u00d3N P\u00daBLICA N\u00ba 31-19 MINISTERIO DE INDUSTRIA\"--><\/p>\n","protected":false},"excerpt":{"rendered":"<p>LICITACI\u00d3N P\u00daBLICA N\u00b0 31\/19 OBJETO: CONTRATACI\u00d3N DEL ALQUILER DE UN INMUEBLE, EN LA CIUDAD DE USHUAIA, DESTINADO AL FUNCIONAMIENTO DE LAS OFICINAS DEL MINISTERIO DE INDUSTRIA, POR EL PER\u00cdODO DE TREINTA Y SEIS (36) MESES. FECHA L\u00cdMITE DE RECEPCI\u00d3N DE OFERTAS: 22\/11\/2019 \u2013 14:00 HS. FECHA DE APERTURA: 22\/11\/2019 A LAS 14:00 HS. LUGAR DE [&hellip;]<\/p>\n","protected":false},"author":18,"featured_media":0,"comment_status":"open","ping_status":"open","sticky":false,"template":"","format":"standard","meta":{"footnotes":""},"categories":[3,19,27],"tags":[],"class_list":["post-39292","post","type-post","status-publish","format-standard","hentry","category-compras","category-licitacion-publica","category-ministerio-industria-e-innovacion-productiva"],"_links":{"self":[{"href":"https:\/\/compras.tierradelfuego.gob.ar\/index.php?rest_route=\/wp\/v2\/posts\/39292","targetHints":{"allow":["GET"]}}],"collection":[{"href":"https:\/\/compras.tierradelfuego.gob.ar\/index.php?rest_route=\/wp\/v2\/posts"}],"about":[{"href":"https:\/\/compras.tierradelfuego.gob.ar\/index.php?rest_route=\/wp\/v2\/types\/post"}],"author":[{"embeddable":true,"href":"https:\/\/compras.tierradelfuego.gob.ar\/index.php?rest_route=\/wp\/v2\/users\/18"}],"replies":[{"embeddable":true,"href":"https:\/\/compras.tierradelfuego.gob.ar\/index.php?rest_route=%2Fwp%2Fv2%2Fcomments&post=39292"}],"version-history":[{"count":0,"href":"https:\/\/compras.tierradelfuego.gob.ar\/index.php?rest_route=\/wp\/v2\/posts\/39292\/revisions"}],"wp:attachment":[{"href":"https:\/\/compras.tierradelfuego.gob.ar\/index.php?rest_route=%2Fwp%2Fv2%2Fmedia&parent=39292"}],"wp:term":[{"taxonomy":"category","embeddable":true,"href":"https:\/\/compras.tierradelfuego.gob.ar\/index.php?rest_route=%2Fwp%2Fv2%2Fcategories&post=39292"},{"taxonomy":"post_tag","embeddable":true,"href":"https:\/\/compras.tierradelfuego.gob.ar\/index.php?rest_route=%2Fwp%2Fv2%2Ftags&post=39292"}],"curies":[{"name":"wp","href":"https:\/\/api.w.org\/{rel}","templated":true}]}}