{"id":38491,"date":"2019-09-27T11:14:57","date_gmt":"2019-09-27T14:14:57","guid":{"rendered":"http:\/\/compras.tierradelfuego.gov.ar\/?p=38491"},"modified":"2019-09-27T13:10:28","modified_gmt":"2019-09-27T16:10:28","slug":"contratacion-directa-n-69519-contratacion-servicio-mensual-de-desratizacion-y-fumigacion-para-unidades-dependientes-del-servicio-penitenciario-provincial","status":"publish","type":"post","link":"https:\/\/compras.tierradelfuego.gob.ar\/?p=38491","title":{"rendered":"CONTRATACI\u00d3N DIRECTA N\u00b0 695\/19 &#8211; CONTRATACI\u00d3N SERVICIO MENSUAL DE DESRATIZACI\u00d3N Y FUMIGACI\u00d3N PARA UNIDADES DEPENDIENTES DEL SERVICIO PENITENCIARIO PROVINCIAL."},"content":{"rendered":"<p><strong>CONTRATACI\u00d3N DIRECTA N\u00b0 695\/19 &#8211; EXPTE. N\u00b0 0828-SS\/2019.<\/strong><\/p>\n<p><strong>ACTA COMISI\u00d3N DE PREADJUDICACIONES.<\/strong><\/p>\n<p><strong>OBJETO DE CONTRATACI\u00d3N:<\/strong> CONTRATACI\u00d3N SERVICIO MENSUAL DE DESRATIZACI\u00d3N Y FUMIGACI\u00d3N PARA UNIDADES DEPENDIENTES DEL SERVICIO PENITENCIARIO PROVINCIAL.<\/p>\n<p><strong>REUNI\u00d3N DE COMISI\u00d3N DE PREADJUDICACI\u00d3N:<\/strong> D\u00cdA 27\/09\/2019.<\/p>\n<p>COMISI\u00d3N DESIGNADA MEDIANTE RESOLUCION D.P.S.P. N\u00ba 208\/19.<\/p>\n<p><strong><a href=\"http:\/\/compras.tierradelfuego.gov.ar\/wp-content\/uploads\/2019\/09\/DESCARGAR-ACTA-DE-PREADJUDICACI\u00d3N1.zip\">DESCARGAR ACTA DE PREADJUDICACI\u00d3N<\/a><\/strong><\/p>\n","protected":false},"excerpt":{"rendered":"<p>CONTRATACI\u00d3N DIRECTA N\u00b0 695\/19 &#8211; EXPTE. N\u00b0 0828-SS\/2019. ACTA COMISI\u00d3N DE PREADJUDICACIONES. OBJETO DE CONTRATACI\u00d3N: CONTRATACI\u00d3N SERVICIO MENSUAL DE DESRATIZACI\u00d3N Y FUMIGACI\u00d3N PARA UNIDADES DEPENDIENTES DEL SERVICIO PENITENCIARIO PROVINCIAL. REUNI\u00d3N DE COMISI\u00d3N DE PREADJUDICACI\u00d3N: D\u00cdA 27\/09\/2019. COMISI\u00d3N DESIGNADA MEDIANTE RESOLUCION D.P.S.P. N\u00ba 208\/19. DESCARGAR ACTA DE PREADJUDICACI\u00d3N<\/p>\n","protected":false},"author":20,"featured_media":0,"comment_status":"open","ping_status":"open","sticky":false,"template":"","format":"standard","meta":{"footnotes":""},"categories":[3,11,119,121],"tags":[],"class_list":["post-38491","post","type-post","status-publish","format-standard","hentry","category-compras","category-directa","category-sec-de-estado-y-seguridad","category-servicio-penitenciario"],"_links":{"self":[{"href":"https:\/\/compras.tierradelfuego.gob.ar\/index.php?rest_route=\/wp\/v2\/posts\/38491","targetHints":{"allow":["GET"]}}],"collection":[{"href":"https:\/\/compras.tierradelfuego.gob.ar\/index.php?rest_route=\/wp\/v2\/posts"}],"about":[{"href":"https:\/\/compras.tierradelfuego.gob.ar\/index.php?rest_route=\/wp\/v2\/types\/post"}],"author":[{"embeddable":true,"href":"https:\/\/compras.tierradelfuego.gob.ar\/index.php?rest_route=\/wp\/v2\/users\/20"}],"replies":[{"embeddable":true,"href":"https:\/\/compras.tierradelfuego.gob.ar\/index.php?rest_route=%2Fwp%2Fv2%2Fcomments&post=38491"}],"version-history":[{"count":0,"href":"https:\/\/compras.tierradelfuego.gob.ar\/index.php?rest_route=\/wp\/v2\/posts\/38491\/revisions"}],"wp:attachment":[{"href":"https:\/\/compras.tierradelfuego.gob.ar\/index.php?rest_route=%2Fwp%2Fv2%2Fmedia&parent=38491"}],"wp:term":[{"taxonomy":"category","embeddable":true,"href":"https:\/\/compras.tierradelfuego.gob.ar\/index.php?rest_route=%2Fwp%2Fv2%2Fcategories&post=38491"},{"taxonomy":"post_tag","embeddable":true,"href":"https:\/\/compras.tierradelfuego.gob.ar\/index.php?rest_route=%2Fwp%2Fv2%2Ftags&post=38491"}],"curies":[{"name":"wp","href":"https:\/\/api.w.org\/{rel}","templated":true}]}}