{"id":38085,"date":"2019-09-11T13:08:24","date_gmt":"2019-09-11T16:08:24","guid":{"rendered":"http:\/\/compras.tierradelfuego.gov.ar\/?p=38085"},"modified":"2019-09-11T13:08:24","modified_gmt":"2019-09-11T16:08:24","slug":"contratacion-directa-bajo-np-n-13-000119-compra-de-insumos-de-optica-para-rio-grande-o-s-p-t-f","status":"publish","type":"post","link":"https:\/\/compras.tierradelfuego.gob.ar\/?p=38085","title":{"rendered":"CONTRATACI\u00d3N DIRECTA BAJO NP N\u00b0 13-000119 \u2013 COMPRA DE INSUMOS DE OPTICA PARA RIO GRANDE &#8211; O.S.P.T.F."},"content":{"rendered":"<p><strong>CONTRATACI\u00d3N DIRECTA BAJO NP N\u00b0 13-000119 \u2013 EXPEDIENTE N\u00b0 143\/19.<\/strong><\/p>\n<p><strong>OBJETO <\/strong><strong>DE LA CONTRATACI\u00d3N:<\/strong> COMPRA DE INSUMOS DE OPTICA PARA RIO GRANDE &#8211; O.S.P.T.F.<\/p>\n<p><strong>\u00c1REA GENERADORA:<\/strong> DIRECCI\u00d3N DE FARMACIA Y AUDITORIA <strong>&#8211; <\/strong>O.S.P.T.F.<\/p>\n<p><strong>LUGAR Y FECHA DE RECEPCI\u00d3N:<\/strong> DFYA@OSEF.GOV.AR, 48HS<\/p>\n<p><strong>CONTACTO<\/strong>: <a href=\"mailto:dfya@osef.gov.ar\">DFYA@OSEF.GOV.AR<\/a>.<\/p>\n<p><strong>TEL\u00c9FONO:(<\/strong>02901) 422019.<\/p>\n<p>&nbsp;<\/p>\n<p><strong><a href=\"http:\/\/compras.tierradelfuego.gov.ar\/wp-content\/uploads\/2019\/09\/DESCARGAR-SOLICITUD-DE-COTIZACI\u00d3N-.pdf\">DESCARGAR SOLICITUD DE COTIZACI\u00d3N<\/a><\/strong><\/p>\n<p>&nbsp;<\/p>\n<p>&nbsp;<\/p>\n","protected":false},"excerpt":{"rendered":"<p>CONTRATACI\u00d3N DIRECTA BAJO NP N\u00b0 13-000119 \u2013 EXPEDIENTE N\u00b0 143\/19. OBJETO DE LA CONTRATACI\u00d3N: COMPRA DE INSUMOS DE OPTICA PARA RIO GRANDE &#8211; O.S.P.T.F. \u00c1REA GENERADORA: DIRECCI\u00d3N DE FARMACIA Y AUDITORIA &#8211; O.S.P.T.F. LUGAR Y FECHA DE RECEPCI\u00d3N: DFYA@OSEF.GOV.AR, 48HS CONTACTO: DFYA@OSEF.GOV.AR. TEL\u00c9FONO:(02901) 422019. &nbsp; DESCARGAR SOLICITUD DE COTIZACI\u00d3N &nbsp; &nbsp;<\/p>\n","protected":false},"author":19,"featured_media":0,"comment_status":"open","ping_status":"open","sticky":false,"template":"","format":"standard","meta":{"footnotes":""},"categories":[3,11,139],"tags":[],"class_list":["post-38085","post","type-post","status-publish","format-standard","hentry","category-compras","category-directa","category-obra-social-de-la-provincia-de-tierra-del-fuego-osptf"],"_links":{"self":[{"href":"https:\/\/compras.tierradelfuego.gob.ar\/index.php?rest_route=\/wp\/v2\/posts\/38085","targetHints":{"allow":["GET"]}}],"collection":[{"href":"https:\/\/compras.tierradelfuego.gob.ar\/index.php?rest_route=\/wp\/v2\/posts"}],"about":[{"href":"https:\/\/compras.tierradelfuego.gob.ar\/index.php?rest_route=\/wp\/v2\/types\/post"}],"author":[{"embeddable":true,"href":"https:\/\/compras.tierradelfuego.gob.ar\/index.php?rest_route=\/wp\/v2\/users\/19"}],"replies":[{"embeddable":true,"href":"https:\/\/compras.tierradelfuego.gob.ar\/index.php?rest_route=%2Fwp%2Fv2%2Fcomments&post=38085"}],"version-history":[{"count":0,"href":"https:\/\/compras.tierradelfuego.gob.ar\/index.php?rest_route=\/wp\/v2\/posts\/38085\/revisions"}],"wp:attachment":[{"href":"https:\/\/compras.tierradelfuego.gob.ar\/index.php?rest_route=%2Fwp%2Fv2%2Fmedia&parent=38085"}],"wp:term":[{"taxonomy":"category","embeddable":true,"href":"https:\/\/compras.tierradelfuego.gob.ar\/index.php?rest_route=%2Fwp%2Fv2%2Fcategories&post=38085"},{"taxonomy":"post_tag","embeddable":true,"href":"https:\/\/compras.tierradelfuego.gob.ar\/index.php?rest_route=%2Fwp%2Fv2%2Ftags&post=38085"}],"curies":[{"name":"wp","href":"https:\/\/api.w.org\/{rel}","templated":true}]}}