{"id":38075,"date":"2019-09-11T12:14:31","date_gmt":"2019-09-11T15:14:31","guid":{"rendered":"http:\/\/compras.tierradelfuego.gov.ar\/?p=38075"},"modified":"2019-09-11T12:14:31","modified_gmt":"2019-09-11T15:14:31","slug":"acta-comision-de-preadjudicaciones-licitacion-privada-n-3719-adquisicion-de-colchones-y-frazadas-s-p-p","status":"publish","type":"post","link":"https:\/\/compras.tierradelfuego.gob.ar\/?p=38075","title":{"rendered":"ACTA COMISI\u00d3N DE PREADJUDICACIONES &#8211; LICITACI\u00d3N PRIVADA N\u00b0 37\/19 &#8211; ADQUISICI\u00d3N DE COLCHONES Y FRAZADAS. &#8211; S.P.P."},"content":{"rendered":"<p><strong>ACTA COMISI\u00d3N DE PREADJUDICACIONES &#8211; LICITACI\u00d3N PRIVADA N\u00b0 37\/19.<\/strong><\/p>\n<p><strong>TRAMITADO MEDIANTE:<\/strong> EXPTE. N\u00b0 015032-SS-2019.<\/p>\n<p><strong>OBJETO DE LICITACI\u00d3N O CONTRATACI\u00d3N:<\/strong> ADQUISICI\u00d3N DE COLCHONES Y FRAZADAS.<\/p>\n<p><strong>DEPENDENCIA:<\/strong> SERVICIO PENITENCIARIO PROVINCIAL.<\/p>\n<p><strong>REUNI\u00d3N DE COMISI\u00d3N DE PREADJUDICACI\u00d3N:<\/strong> D\u00cdA 10\/09\/2019.<\/p>\n<p><strong>COMISI\u00d3N DESIGNADA<\/strong> MEDIANTE RESOLUCION D.P.S.P. N\u00ba 208\/19.<\/p>\n<p>&nbsp;<\/p>\n<p><strong><a href=\"http:\/\/compras.tierradelfuego.gov.ar\/wp-content\/uploads\/2019\/09\/DESCARGAR-ACTA-DE-COMISI\u00d3N-DE-PREADJUDICACI\u00d3N.zip\">DESCARGAR ACTA DE COMISI\u00d3N DE PREADJUDICACI\u00d3N<\/a><\/strong><\/p>\n","protected":false},"excerpt":{"rendered":"<p>ACTA COMISI\u00d3N DE PREADJUDICACIONES &#8211; LICITACI\u00d3N PRIVADA N\u00b0 37\/19. TRAMITADO MEDIANTE: EXPTE. N\u00b0 015032-SS-2019. OBJETO DE LICITACI\u00d3N O CONTRATACI\u00d3N: ADQUISICI\u00d3N DE COLCHONES Y FRAZADAS. DEPENDENCIA: SERVICIO PENITENCIARIO PROVINCIAL. REUNI\u00d3N DE COMISI\u00d3N DE PREADJUDICACI\u00d3N: D\u00cdA 10\/09\/2019. COMISI\u00d3N DESIGNADA MEDIANTE RESOLUCION D.P.S.P. N\u00ba 208\/19. &nbsp; DESCARGAR ACTA DE COMISI\u00d3N DE PREADJUDICACI\u00d3N<\/p>\n","protected":false},"author":19,"featured_media":0,"comment_status":"open","ping_status":"open","sticky":false,"template":"","format":"standard","meta":{"footnotes":""},"categories":[3,18,121],"tags":[],"class_list":["post-38075","post","type-post","status-publish","format-standard","hentry","category-compras","category-licitacion-privada","category-servicio-penitenciario"],"_links":{"self":[{"href":"https:\/\/compras.tierradelfuego.gob.ar\/index.php?rest_route=\/wp\/v2\/posts\/38075","targetHints":{"allow":["GET"]}}],"collection":[{"href":"https:\/\/compras.tierradelfuego.gob.ar\/index.php?rest_route=\/wp\/v2\/posts"}],"about":[{"href":"https:\/\/compras.tierradelfuego.gob.ar\/index.php?rest_route=\/wp\/v2\/types\/post"}],"author":[{"embeddable":true,"href":"https:\/\/compras.tierradelfuego.gob.ar\/index.php?rest_route=\/wp\/v2\/users\/19"}],"replies":[{"embeddable":true,"href":"https:\/\/compras.tierradelfuego.gob.ar\/index.php?rest_route=%2Fwp%2Fv2%2Fcomments&post=38075"}],"version-history":[{"count":0,"href":"https:\/\/compras.tierradelfuego.gob.ar\/index.php?rest_route=\/wp\/v2\/posts\/38075\/revisions"}],"wp:attachment":[{"href":"https:\/\/compras.tierradelfuego.gob.ar\/index.php?rest_route=%2Fwp%2Fv2%2Fmedia&parent=38075"}],"wp:term":[{"taxonomy":"category","embeddable":true,"href":"https:\/\/compras.tierradelfuego.gob.ar\/index.php?rest_route=%2Fwp%2Fv2%2Fcategories&post=38075"},{"taxonomy":"post_tag","embeddable":true,"href":"https:\/\/compras.tierradelfuego.gob.ar\/index.php?rest_route=%2Fwp%2Fv2%2Ftags&post=38075"}],"curies":[{"name":"wp","href":"https:\/\/api.w.org\/{rel}","templated":true}]}}