{"id":38072,"date":"2019-09-11T11:34:19","date_gmt":"2019-09-11T14:34:19","guid":{"rendered":"http:\/\/compras.tierradelfuego.gov.ar\/?p=38072"},"modified":"2019-09-11T11:34:19","modified_gmt":"2019-09-11T14:34:19","slug":"contratacion-directa-internacion-domiciliaria-trimestral-osef-2","status":"publish","type":"post","link":"https:\/\/compras.tierradelfuego.gob.ar\/?p=38072","title":{"rendered":"CONTRATACI\u00d3N DIRECTA &#8211; INTERNACI\u00d3N DOMICILIARIA TRIMESTRAL. OSEF."},"content":{"rendered":"<p><strong>CONTRATACI\u00d3N DIRECTA \u2013 EXPEDIENTE N\u00b0 1862\/19.<\/strong><\/p>\n<p><strong>OBJETO:<\/strong> INTERNACI\u00d3N DOMICILIARIA TRIMESTRAL.<\/p>\n<p><strong>\u00c1REA GENERADORA:<\/strong> AUDITORIA MEDICA OSEF.<\/p>\n<p><strong>RECEPCI\u00d3N DE OFERTAS:<\/strong> \u00a0HASTA 13\/09\/19 EN ESTORNI 350.<\/p>\n<p><strong>EMAIL DE CONTACTO:<\/strong> AUDITORIAMEDICAUSH@OSEF.GOB.AR<\/p>\n<p><strong>TEL. CONTACTO:<\/strong> \u00a0423064 &#8211; 423073<\/p>\n<p>&nbsp;<\/p>\n<p><strong><a href=\"http:\/\/compras.tierradelfuego.gov.ar\/wp-content\/uploads\/2019\/09\/DESCARGAR-SOLICITUD-DE-COTIZACI\u00d3N28.pdf\">DESCARGAR SOLICITUD DE COTIZACI\u00d3N<\/a><\/strong><\/p>\n<p>&nbsp;<\/p>\n<p>&nbsp;<\/p>\n","protected":false},"excerpt":{"rendered":"<p>CONTRATACI\u00d3N DIRECTA \u2013 EXPEDIENTE N\u00b0 1862\/19. OBJETO: INTERNACI\u00d3N DOMICILIARIA TRIMESTRAL. \u00c1REA GENERADORA: AUDITORIA MEDICA OSEF. RECEPCI\u00d3N DE OFERTAS: \u00a0HASTA 13\/09\/19 EN ESTORNI 350. EMAIL DE CONTACTO: AUDITORIAMEDICAUSH@OSEF.GOB.AR TEL. CONTACTO: \u00a0423064 &#8211; 423073 &nbsp; DESCARGAR SOLICITUD DE COTIZACI\u00d3N &nbsp; &nbsp;<\/p>\n","protected":false},"author":19,"featured_media":0,"comment_status":"open","ping_status":"open","sticky":false,"template":"","format":"standard","meta":{"footnotes":""},"categories":[3,11,139],"tags":[],"class_list":["post-38072","post","type-post","status-publish","format-standard","hentry","category-compras","category-directa","category-obra-social-de-la-provincia-de-tierra-del-fuego-osptf"],"_links":{"self":[{"href":"https:\/\/compras.tierradelfuego.gob.ar\/index.php?rest_route=\/wp\/v2\/posts\/38072","targetHints":{"allow":["GET"]}}],"collection":[{"href":"https:\/\/compras.tierradelfuego.gob.ar\/index.php?rest_route=\/wp\/v2\/posts"}],"about":[{"href":"https:\/\/compras.tierradelfuego.gob.ar\/index.php?rest_route=\/wp\/v2\/types\/post"}],"author":[{"embeddable":true,"href":"https:\/\/compras.tierradelfuego.gob.ar\/index.php?rest_route=\/wp\/v2\/users\/19"}],"replies":[{"embeddable":true,"href":"https:\/\/compras.tierradelfuego.gob.ar\/index.php?rest_route=%2Fwp%2Fv2%2Fcomments&post=38072"}],"version-history":[{"count":0,"href":"https:\/\/compras.tierradelfuego.gob.ar\/index.php?rest_route=\/wp\/v2\/posts\/38072\/revisions"}],"wp:attachment":[{"href":"https:\/\/compras.tierradelfuego.gob.ar\/index.php?rest_route=%2Fwp%2Fv2%2Fmedia&parent=38072"}],"wp:term":[{"taxonomy":"category","embeddable":true,"href":"https:\/\/compras.tierradelfuego.gob.ar\/index.php?rest_route=%2Fwp%2Fv2%2Fcategories&post=38072"},{"taxonomy":"post_tag","embeddable":true,"href":"https:\/\/compras.tierradelfuego.gob.ar\/index.php?rest_route=%2Fwp%2Fv2%2Ftags&post=38072"}],"curies":[{"name":"wp","href":"https:\/\/api.w.org\/{rel}","templated":true}]}}