{"id":37902,"date":"2019-09-05T14:40:34","date_gmt":"2019-09-05T17:40:34","guid":{"rendered":"http:\/\/compras.tierradelfuego.gov.ar\/?p=37902"},"modified":"2019-09-06T10:12:30","modified_gmt":"2019-09-06T13:12:30","slug":"acta-de-preadjudicacion-licitacion-publica-no-1819-contratacion-del-alquiler-de-fotocopiadoras-para-diferentes-establecimientos-educativos-de-la-provincia-2","status":"publish","type":"post","link":"https:\/\/compras.tierradelfuego.gob.ar\/?p=37902","title":{"rendered":"ACTA DE PREADJUDICACI\u00d3N &#8211; LICITACI\u00d3N P\u00daBLICA N\u00ba 18\/19 &#8211; CONTRATACI\u00d3N DEL ALQUILER DE FOTOCOPIADORAS PARA DIFERENTES ESTABLECIMIENTOS EDUCATIVOS DE LA PROVINCIA"},"content":{"rendered":"<p><b><span style=\"font-size: 11.0pt;\">ACTA DE PREADJUDICACI\u00d3N &#8211; LICITACI\u00d3N P\u00daBLICA N\u00ba 18\/19<\/span><\/b><\/p>\n<p><b><span style=\"font-size: 11.0pt;\">OBJETO: <\/span><\/b><span style=\"font-size: 11.0pt;\">CONTRATACI\u00d3N DEL ALQUILER DE FOTOCOPIADORAS PARA DIFERENTES ESTABLECIMIENTOS EDUCATIVOS DE LA PROVINCIA.<\/span><\/p>\n<p><strong><a href=\"http:\/\/compras.tierradelfuego.gov.ar\/wp-content\/uploads\/2019\/09\/DESCARGAR-ACTA-DE-PREADJUDICACI\u00d3N1.pdf\">DESCARGAR ACTA DE PREADJUDICACI\u00d3N<\/a><\/strong><\/p>\n<p>&nbsp;<\/p>\n","protected":false},"excerpt":{"rendered":"<p>ACTA DE PREADJUDICACI\u00d3N &#8211; LICITACI\u00d3N P\u00daBLICA N\u00ba 18\/19 OBJETO: CONTRATACI\u00d3N DEL ALQUILER DE FOTOCOPIADORAS PARA DIFERENTES ESTABLECIMIENTOS EDUCATIVOS DE LA PROVINCIA. DESCARGAR ACTA DE PREADJUDICACI\u00d3N &nbsp;<\/p>\n","protected":false},"author":18,"featured_media":0,"comment_status":"open","ping_status":"open","sticky":false,"template":"","format":"standard","meta":{"footnotes":""},"categories":[3,19,22],"tags":[],"class_list":["post-37902","post","type-post","status-publish","format-standard","hentry","category-compras","category-licitacion-publica","category-ministerio-de-educacion"],"_links":{"self":[{"href":"https:\/\/compras.tierradelfuego.gob.ar\/index.php?rest_route=\/wp\/v2\/posts\/37902","targetHints":{"allow":["GET"]}}],"collection":[{"href":"https:\/\/compras.tierradelfuego.gob.ar\/index.php?rest_route=\/wp\/v2\/posts"}],"about":[{"href":"https:\/\/compras.tierradelfuego.gob.ar\/index.php?rest_route=\/wp\/v2\/types\/post"}],"author":[{"embeddable":true,"href":"https:\/\/compras.tierradelfuego.gob.ar\/index.php?rest_route=\/wp\/v2\/users\/18"}],"replies":[{"embeddable":true,"href":"https:\/\/compras.tierradelfuego.gob.ar\/index.php?rest_route=%2Fwp%2Fv2%2Fcomments&post=37902"}],"version-history":[{"count":0,"href":"https:\/\/compras.tierradelfuego.gob.ar\/index.php?rest_route=\/wp\/v2\/posts\/37902\/revisions"}],"wp:attachment":[{"href":"https:\/\/compras.tierradelfuego.gob.ar\/index.php?rest_route=%2Fwp%2Fv2%2Fmedia&parent=37902"}],"wp:term":[{"taxonomy":"category","embeddable":true,"href":"https:\/\/compras.tierradelfuego.gob.ar\/index.php?rest_route=%2Fwp%2Fv2%2Fcategories&post=37902"},{"taxonomy":"post_tag","embeddable":true,"href":"https:\/\/compras.tierradelfuego.gob.ar\/index.php?rest_route=%2Fwp%2Fv2%2Ftags&post=37902"}],"curies":[{"name":"wp","href":"https:\/\/api.w.org\/{rel}","templated":true}]}}