{"id":37271,"date":"2019-08-21T12:37:56","date_gmt":"2019-08-21T15:37:56","guid":{"rendered":"http:\/\/compras.tierradelfuego.gov.ar\/?p=37271"},"modified":"2019-08-21T12:37:56","modified_gmt":"2019-08-21T15:37:56","slug":"compra-directa-n-60219-adquisicion-de-gas-helio-destinado-a-la-direccion-de-cambio-climatico-y-monitoreo-de-glaciares-sadsycc","status":"publish","type":"post","link":"https:\/\/compras.tierradelfuego.gob.ar\/?p=37271","title":{"rendered":"COMPRA DIRECTA N\u00b0 602\/19 &#8211; ADQUISICI\u00d3N DE GAS HELIO DESTINADO A LA DIRECCI\u00d3N DE CAMBIO CLIM\u00c1TICO Y MONITOREO DE GLACIARES &#8211; SADSYCC."},"content":{"rendered":"<p><strong>COMPRA DIRECTA N\u00b0 602\/19 &#8211; EXPEDIENTE N\u00b0 8537-SD\/19.<\/strong><\/p>\n<p><strong>OBJETO DE LA CONTRATACI\u00d3N:<\/strong> ADQUISICI\u00d3N DE GAS HELIO DESTINADO A LA DIRECCI\u00d3N DE CAMBIO CLIM\u00c1TICO Y MONITOREO DE GLACIARES &#8211; SADSYCC.<\/p>\n<p><strong>FECHA Y HORA DE RECEPCI\u00d3N DE OFERTAS:<\/strong> HASTA EL 29 DE AGOSTO DE 2019, 12.00HS.<\/p>\n<p><strong>LUGAR DE PRESENTACI\u00d3N:<\/strong> SECRETAR\u00cdA DE AMBIENTE, DESARROLLO SOSTENIBLE Y CAMBIO CLIM\u00c1TICO. SAN MART\u00cdN N\u00b0 1401.<\/p>\n<p><strong>TEL\u00c9FONO<\/strong>: 432103, INTERNO 205.<\/p>\n<p><strong>DEPENDENCIA:<\/strong> DIRECCI\u00d3N DE CAMBIO CLIM\u00c1TICO Y MONITOREO DE GLACIARES &#8211; SECRETAR\u00cdA DE AMBIENTE, DESARROLLO SOSTENIBLE Y CAMBIO CLIM\u00c1TICO.<\/p>\n<p>&nbsp;<\/p>\n<p><strong><a href=\"http:\/\/compras.tierradelfuego.gov.ar\/wp-content\/uploads\/2019\/08\/DESCARGAR-FORMULARIO-DE-COTIZACI\u00d3N44.pdf\">DESCARGAR FORMULARIO DE COTIZACI\u00d3N<\/a><\/strong><\/p>\n","protected":false},"excerpt":{"rendered":"<p>COMPRA DIRECTA N\u00b0 602\/19 &#8211; EXPEDIENTE N\u00b0 8537-SD\/19. OBJETO DE LA CONTRATACI\u00d3N: ADQUISICI\u00d3N DE GAS HELIO DESTINADO A LA DIRECCI\u00d3N DE CAMBIO CLIM\u00c1TICO Y MONITOREO DE GLACIARES &#8211; SADSYCC. FECHA Y HORA DE RECEPCI\u00d3N DE OFERTAS: HASTA EL 29 DE AGOSTO DE 2019, 12.00HS. LUGAR DE PRESENTACI\u00d3N: SECRETAR\u00cdA DE AMBIENTE, DESARROLLO SOSTENIBLE Y CAMBIO CLIM\u00c1TICO. [&hellip;]<\/p>\n","protected":false},"author":19,"featured_media":0,"comment_status":"open","ping_status":"open","sticky":false,"template":"","format":"standard","meta":{"footnotes":""},"categories":[3,11,32],"tags":[],"class_list":["post-37271","post","type-post","status-publish","format-standard","hentry","category-compras","category-directa","category-secretaria-de-desarrollo-sustentable-y-ambiente"],"_links":{"self":[{"href":"https:\/\/compras.tierradelfuego.gob.ar\/index.php?rest_route=\/wp\/v2\/posts\/37271","targetHints":{"allow":["GET"]}}],"collection":[{"href":"https:\/\/compras.tierradelfuego.gob.ar\/index.php?rest_route=\/wp\/v2\/posts"}],"about":[{"href":"https:\/\/compras.tierradelfuego.gob.ar\/index.php?rest_route=\/wp\/v2\/types\/post"}],"author":[{"embeddable":true,"href":"https:\/\/compras.tierradelfuego.gob.ar\/index.php?rest_route=\/wp\/v2\/users\/19"}],"replies":[{"embeddable":true,"href":"https:\/\/compras.tierradelfuego.gob.ar\/index.php?rest_route=%2Fwp%2Fv2%2Fcomments&post=37271"}],"version-history":[{"count":0,"href":"https:\/\/compras.tierradelfuego.gob.ar\/index.php?rest_route=\/wp\/v2\/posts\/37271\/revisions"}],"wp:attachment":[{"href":"https:\/\/compras.tierradelfuego.gob.ar\/index.php?rest_route=%2Fwp%2Fv2%2Fmedia&parent=37271"}],"wp:term":[{"taxonomy":"category","embeddable":true,"href":"https:\/\/compras.tierradelfuego.gob.ar\/index.php?rest_route=%2Fwp%2Fv2%2Fcategories&post=37271"},{"taxonomy":"post_tag","embeddable":true,"href":"https:\/\/compras.tierradelfuego.gob.ar\/index.php?rest_route=%2Fwp%2Fv2%2Ftags&post=37271"}],"curies":[{"name":"wp","href":"https:\/\/api.w.org\/{rel}","templated":true}]}}