{"id":36096,"date":"2019-07-12T09:15:59","date_gmt":"2019-07-12T12:15:59","guid":{"rendered":"http:\/\/compras.tierradelfuego.gov.ar\/?p=36096"},"modified":"2019-10-08T09:42:20","modified_gmt":"2019-10-08T12:42:20","slug":"licitacion-privada-no-0419-contratacion-de-servicios-de-limpieza-para-las-oficinas-de-la-secretaria-de-politica-extrena-en-caba-in-fue-tur","status":"publish","type":"post","link":"https:\/\/compras.tierradelfuego.gob.ar\/?p=36096","title":{"rendered":"LICITACI\u00d3N PRIVADA N\u00ba  04\/19 &#8211; CONTRATACI\u00d3N DE SERVICIOS DE LIMPIEZA, PARA  LAS OFICINAS DE LA SECRETAR\u00cdA DE POL\u00cdTICA EXTRENA EN CABA &#8211; IN.FUE.TUR. &#8211;"},"content":{"rendered":"<p><strong>LICITACI\u00d3N PRIVADA N\u00ba\u00a0 04\/19 &#8211; EXPEDIENTE N\u00ba 117-DB-19<\/strong><\/p>\n<p><strong>OBJETO<\/strong>: CONTRATACI\u00d3N DE SERVICIOS DE LIMPIEZA, PARA\u00a0 LAS OFICINAS DE LA SECRETAR\u00cdA DE POL\u00cdTICA EXTRENA EN CABA. IN.FUE.TUR.<\/p>\n<p><strong>LUGAR DE RECEPCI\u00d3N DE OFERTAS:<\/strong> SECRETAR\u00cdA DE POL\u00cdTICA EXTERNA- CARLOS PELLEGRINI 1259-PLANTA BAJA. CABA.<\/p>\n<p><strong>VENCIMIENTO PARA PRESENTACI\u00d3N DE OFERTA<\/strong>: 31\/07\/2019, 11 HS.<\/p>\n<p><strong>LUGAR DE APERTURA DE SOBRES<\/strong>: SECRETAR\u00cdA DE POL\u00cdTICA EXTERNA- CARLOS PELLEGRINI 1259-PLATA BAJA. CABA<\/p>\n<p><strong>FECHA APERTURA DE SOBRES<\/strong>: 31\/07\/19, 12 HS.<\/p>\n<p><strong>VALOR DEL PLIEGO<\/strong>: SIN VALOR.<\/p>\n<p><strong>ADQUISICI\u00d3N DEL PLIEGO<\/strong>: EN USHUAIA, TDF: AV. HERNANDO DE MAGALLANES N\u00b0 296. PISO 1\u00b0- DPTO.\u00bbC\u00bb; -EN CABA, BS. AS.: AV. CARLOS PELLEGRINI N\u00b0 1259 PLANTA BAJA.<\/p>\n<p><strong>SITIOS WEB<\/strong>: <a href=\"http:\/\/infuetur.gob.ar\/contrataciones\">HTTP:\/\/INFUETUR.GOB.AR\/CONTRATACIONES<\/a> &#8211; <a href=\"http:\/\/compras.tierradelfuego.gov.ar\">HTTP:\/\/COMPRAS.TIERRADELFUEGO.GOV.AR<\/a><\/p>\n<p><strong>CONSULTA:<\/strong>E-MAIL:COMPRAS@TIERRADELFUEGO.ORG.AR-<\/p>\n<p><strong>TEL.CELULAR<\/strong>: 2901-584784.<\/p>\n<p>&nbsp;<\/p>\n<p><strong><a href=\"http:\/\/compras.tierradelfuego.gov.ar\/wp-content\/uploads\/2019\/07\/DESCARGAR-PLIEGO4.pdf\">DESCARGAR PLIEGO<\/a><\/strong><\/p>\n<p><strong><a href=\"http:\/\/compras.tierradelfuego.gov.ar\/wp-content\/uploads\/2019\/07\/DESCARGAR-ACTA-DE-PREADJUDICACI\u00d3N6.pdf\">DESCARGAR ACTA DE PREADJUDICACI\u00d3N<\/a><\/strong><\/p>\n<p><strong><a href=\"http:\/\/compras.tierradelfuego.gov.ar\/wp-content\/uploads\/2019\/07\/DESCARGAR-RESOLUCI\u00d3N-DE-ADJUDICACI\u00d3N.pdf\">DESCARGAR RESOLUCI\u00d3N DE ADJUDICACI\u00d3N<\/a><\/strong><\/p>\n<p>&nbsp;<\/p>\n","protected":false},"excerpt":{"rendered":"<p>LICITACI\u00d3N PRIVADA N\u00ba\u00a0 04\/19 &#8211; EXPEDIENTE N\u00ba 117-DB-19 OBJETO: CONTRATACI\u00d3N DE SERVICIOS DE LIMPIEZA, PARA\u00a0 LAS OFICINAS DE LA SECRETAR\u00cdA DE POL\u00cdTICA EXTRENA EN CABA. IN.FUE.TUR. LUGAR DE RECEPCI\u00d3N DE OFERTAS: SECRETAR\u00cdA DE POL\u00cdTICA EXTERNA- CARLOS PELLEGRINI 1259-PLANTA BAJA. CABA. VENCIMIENTO PARA PRESENTACI\u00d3N DE OFERTA: 31\/07\/2019, 11 HS. LUGAR DE APERTURA DE SOBRES: SECRETAR\u00cdA DE [&hellip;]<\/p>\n","protected":false},"author":18,"featured_media":0,"comment_status":"open","ping_status":"open","sticky":false,"template":"","format":"standard","meta":{"footnotes":""},"categories":[3,14,18],"tags":[],"class_list":["post-36096","post","type-post","status-publish","format-standard","hentry","category-compras","category-instituto-fueguino-del-turismo-infuetur","category-licitacion-privada"],"_links":{"self":[{"href":"https:\/\/compras.tierradelfuego.gob.ar\/index.php?rest_route=\/wp\/v2\/posts\/36096","targetHints":{"allow":["GET"]}}],"collection":[{"href":"https:\/\/compras.tierradelfuego.gob.ar\/index.php?rest_route=\/wp\/v2\/posts"}],"about":[{"href":"https:\/\/compras.tierradelfuego.gob.ar\/index.php?rest_route=\/wp\/v2\/types\/post"}],"author":[{"embeddable":true,"href":"https:\/\/compras.tierradelfuego.gob.ar\/index.php?rest_route=\/wp\/v2\/users\/18"}],"replies":[{"embeddable":true,"href":"https:\/\/compras.tierradelfuego.gob.ar\/index.php?rest_route=%2Fwp%2Fv2%2Fcomments&post=36096"}],"version-history":[{"count":0,"href":"https:\/\/compras.tierradelfuego.gob.ar\/index.php?rest_route=\/wp\/v2\/posts\/36096\/revisions"}],"wp:attachment":[{"href":"https:\/\/compras.tierradelfuego.gob.ar\/index.php?rest_route=%2Fwp%2Fv2%2Fmedia&parent=36096"}],"wp:term":[{"taxonomy":"category","embeddable":true,"href":"https:\/\/compras.tierradelfuego.gob.ar\/index.php?rest_route=%2Fwp%2Fv2%2Fcategories&post=36096"},{"taxonomy":"post_tag","embeddable":true,"href":"https:\/\/compras.tierradelfuego.gob.ar\/index.php?rest_route=%2Fwp%2Fv2%2Ftags&post=36096"}],"curies":[{"name":"wp","href":"https:\/\/api.w.org\/{rel}","templated":true}]}}