{"id":35961,"date":"2019-07-05T11:42:00","date_gmt":"2019-07-05T14:42:00","guid":{"rendered":"http:\/\/compras.tierradelfuego.gov.ar\/?p=35961"},"modified":"2019-07-05T11:42:00","modified_gmt":"2019-07-05T14:42:00","slug":"comunicado-n-1019-contratacion-directa-contratacion-de-locacion-de-servicios-juridicos-caja-de-prevision-social","status":"publish","type":"post","link":"https:\/\/compras.tierradelfuego.gob.ar\/?p=35961","title":{"rendered":"COMUNICADO N\u00b0 10\/19 &#8211; CONTRATACI\u00d3N DIRECTA &#8211;  CONTRATACI\u00d3N DE LOCACI\u00d3N DE SERVICIOS JUR\u00cdDICOS &#8211; CAJA DE PREVISI\u00d3N SOCIAL &#8211;"},"content":{"rendered":"<p><strong>COMUNICADO N\u00b0 10\/19 &#8211; CONTRATACI\u00d3N DIRECTA<\/strong><\/p>\n<p><strong>OBJETO<\/strong>: CONTRATACI\u00d3N DE LOCACI\u00d3N DE SERVICIOS JUR\u00cdDICOS<\/p>\n<p><strong>EXPEDIENTE <\/strong>N\u00b0 1268\/2019<\/p>\n<p><strong>DEPENDENCIA:<\/strong> CAJA DE PREVISI\u00d3N SOCIAL<\/p>\n<p><strong><a href=\"http:\/\/compras.tierradelfuego.gov.ar\/wp-content\/uploads\/2019\/07\/DESCARGAR-COMUNICADO.pdf\">DESCARGAR COMUNICADO<\/a><\/strong><\/p>\n","protected":false},"excerpt":{"rendered":"<p>COMUNICADO N\u00b0 10\/19 &#8211; CONTRATACI\u00d3N DIRECTA OBJETO: CONTRATACI\u00d3N DE LOCACI\u00d3N DE SERVICIOS JUR\u00cdDICOS EXPEDIENTE N\u00b0 1268\/2019 DEPENDENCIA: CAJA DE PREVISI\u00d3N SOCIAL DESCARGAR COMUNICADO<\/p>\n","protected":false},"author":18,"featured_media":0,"comment_status":"open","ping_status":"open","sticky":false,"template":"","format":"standard","meta":{"footnotes":""},"categories":[133,3,11],"tags":[],"class_list":["post-35961","post","type-post","status-publish","format-standard","hentry","category-caja-de-prevision-social","category-compras","category-directa"],"_links":{"self":[{"href":"https:\/\/compras.tierradelfuego.gob.ar\/index.php?rest_route=\/wp\/v2\/posts\/35961","targetHints":{"allow":["GET"]}}],"collection":[{"href":"https:\/\/compras.tierradelfuego.gob.ar\/index.php?rest_route=\/wp\/v2\/posts"}],"about":[{"href":"https:\/\/compras.tierradelfuego.gob.ar\/index.php?rest_route=\/wp\/v2\/types\/post"}],"author":[{"embeddable":true,"href":"https:\/\/compras.tierradelfuego.gob.ar\/index.php?rest_route=\/wp\/v2\/users\/18"}],"replies":[{"embeddable":true,"href":"https:\/\/compras.tierradelfuego.gob.ar\/index.php?rest_route=%2Fwp%2Fv2%2Fcomments&post=35961"}],"version-history":[{"count":0,"href":"https:\/\/compras.tierradelfuego.gob.ar\/index.php?rest_route=\/wp\/v2\/posts\/35961\/revisions"}],"wp:attachment":[{"href":"https:\/\/compras.tierradelfuego.gob.ar\/index.php?rest_route=%2Fwp%2Fv2%2Fmedia&parent=35961"}],"wp:term":[{"taxonomy":"category","embeddable":true,"href":"https:\/\/compras.tierradelfuego.gob.ar\/index.php?rest_route=%2Fwp%2Fv2%2Fcategories&post=35961"},{"taxonomy":"post_tag","embeddable":true,"href":"https:\/\/compras.tierradelfuego.gob.ar\/index.php?rest_route=%2Fwp%2Fv2%2Ftags&post=35961"}],"curies":[{"name":"wp","href":"https:\/\/api.w.org\/{rel}","templated":true}]}}