{"id":34951,"date":"2019-06-05T14:19:35","date_gmt":"2019-06-05T17:19:35","guid":{"rendered":"http:\/\/compras.tierradelfuego.gov.ar\/?p=34951"},"modified":"2019-06-05T14:19:43","modified_gmt":"2019-06-05T17:19:43","slug":"compra-directa-no-4662019-adquisicion-de-articulos-de-libreria-destinados-a-radio-fundacion-austral-dependiente-de-la-secretaria-de-medios-ministerio-jefatura-de-gabinete","status":"publish","type":"post","link":"https:\/\/compras.tierradelfuego.gob.ar\/?p=34951","title":{"rendered":"COMPRA DIRECTA N\u00ba 466\/2019 &#8211; ADQUISICI\u00d3N DE ART\u00cdCULOS DE LIBRER\u00cdA DESTINADOS A RADIO FUNDACI\u00d3N AUSTRAL DEPENDIENTE DE LA SECRETAR\u00cdA DE MEDIOS &#8211;  MINISTERIO JEFATURA DE GABINETE."},"content":{"rendered":"<p><strong>COMPRA DIRECTA N\u00ba 466\/2019 &#8211; EXPEDIENTE N\u00b0 11035-JG\/2019.<\/strong><\/p>\n<p><strong>OBJETO DE LA CONTRATACI\u00d3N:\u00a0<\/strong>ADQUISICI\u00d3N DE ART\u00cdCULOS DE LIBRER\u00cdA DESTINADOS A RADIO FUNDACI\u00d3N AUSTRAL DEPENDIENTE DE LA SECRETAR\u00cdA DE MEDIOS &#8211; \u00a0MINISTERIO JEFATURA DE GABINETE.<\/p>\n<p><strong>FECHA L\u00cdMITE DE RECEPCI\u00d3N DE OFERTAS:<\/strong> 07\/06\/2019 A LAS 11:00 HS.<\/p>\n<p><strong>LUGAR DE RECEPCI\u00d3N:<\/strong> RADIO FUNDACI\u00d3N AUSTRAL &#8211; 60 VIV. CASA 12 TIRA 2 &#8211; USHUAIA TIERRA DEL FUEGO.<\/p>\n<p><strong>DEPENDENCIA:<\/strong> SECRETAR\u00cdA DE MEDIOS &#8211; MINISTERIO JEFATURA DE GABINETE.<\/p>\n<p><strong>CONTACTO:<\/strong> <a href=\"mailto:SASOSA@GOBIERNOTIERRADELFUEGO.GOV.AR\">SASOSA@GOBIERNOTIERRADELFUEGO.GOV.AR<\/a><\/p>\n<p><strong>TEL\u00c9FONO:<\/strong> 2901- 423230<\/p>\n<p><strong><a href=\"http:\/\/compras.tierradelfuego.gov.ar\/wp-content\/uploads\/2019\/06\/DESCARGAR-FORMULARIO-DE-COTIZACI\u00d3N1.zip\">DESCARGAR FORMULARIO DE COTIZACI\u00d3N<\/a><\/strong><\/p>\n","protected":false},"excerpt":{"rendered":"<p>COMPRA DIRECTA N\u00ba 466\/2019 &#8211; EXPEDIENTE N\u00b0 11035-JG\/2019. OBJETO DE LA CONTRATACI\u00d3N:\u00a0ADQUISICI\u00d3N DE ART\u00cdCULOS DE LIBRER\u00cdA DESTINADOS A RADIO FUNDACI\u00d3N AUSTRAL DEPENDIENTE DE LA SECRETAR\u00cdA DE MEDIOS &#8211; \u00a0MINISTERIO JEFATURA DE GABINETE. FECHA L\u00cdMITE DE RECEPCI\u00d3N DE OFERTAS: 07\/06\/2019 A LAS 11:00 HS. LUGAR DE RECEPCI\u00d3N: RADIO FUNDACI\u00d3N AUSTRAL &#8211; 60 VIV. CASA 12 TIRA [&hellip;]<\/p>\n","protected":false},"author":20,"featured_media":0,"comment_status":"open","ping_status":"open","sticky":false,"template":"","format":"standard","meta":{"footnotes":""},"categories":[3,11,28],"tags":[],"class_list":["post-34951","post","type-post","status-publish","format-standard","hentry","category-compras","category-directa","category-ministerio-jefatura-de-gabinete"],"_links":{"self":[{"href":"https:\/\/compras.tierradelfuego.gob.ar\/index.php?rest_route=\/wp\/v2\/posts\/34951","targetHints":{"allow":["GET"]}}],"collection":[{"href":"https:\/\/compras.tierradelfuego.gob.ar\/index.php?rest_route=\/wp\/v2\/posts"}],"about":[{"href":"https:\/\/compras.tierradelfuego.gob.ar\/index.php?rest_route=\/wp\/v2\/types\/post"}],"author":[{"embeddable":true,"href":"https:\/\/compras.tierradelfuego.gob.ar\/index.php?rest_route=\/wp\/v2\/users\/20"}],"replies":[{"embeddable":true,"href":"https:\/\/compras.tierradelfuego.gob.ar\/index.php?rest_route=%2Fwp%2Fv2%2Fcomments&post=34951"}],"version-history":[{"count":0,"href":"https:\/\/compras.tierradelfuego.gob.ar\/index.php?rest_route=\/wp\/v2\/posts\/34951\/revisions"}],"wp:attachment":[{"href":"https:\/\/compras.tierradelfuego.gob.ar\/index.php?rest_route=%2Fwp%2Fv2%2Fmedia&parent=34951"}],"wp:term":[{"taxonomy":"category","embeddable":true,"href":"https:\/\/compras.tierradelfuego.gob.ar\/index.php?rest_route=%2Fwp%2Fv2%2Fcategories&post=34951"},{"taxonomy":"post_tag","embeddable":true,"href":"https:\/\/compras.tierradelfuego.gob.ar\/index.php?rest_route=%2Fwp%2Fv2%2Ftags&post=34951"}],"curies":[{"name":"wp","href":"https:\/\/api.w.org\/{rel}","templated":true}]}}