{"id":34837,"date":"2019-06-03T16:15:29","date_gmt":"2019-06-03T19:15:29","guid":{"rendered":"http:\/\/compras.tierradelfuego.gov.ar\/?p=34837"},"modified":"2019-06-04T10:16:48","modified_gmt":"2019-06-04T13:16:48","slug":"licitacion-privada-2119-acta-de-preadjudicacion-adquisicion-de-articulos-de-libreria-para-el-periodo-de-6-meses-m-e","status":"publish","type":"post","link":"https:\/\/compras.tierradelfuego.gob.ar\/?p=34837","title":{"rendered":"LICITACI\u00d3N PRIVADA 21\/19 &#8211; ACTA DE PREADJUDICACI\u00d3N &#8211; ADQUISICI\u00d3N DE ART\u00cdCULOS DE LIBRERIA PARA EL PER\u00cdODO DE 6 MESES &#8211; M.E. &#8211;"},"content":{"rendered":"<p><strong>LICITACI\u00d3N PRIVADA 21\/19 &#8211; ACTA DE PREADJUDICACI\u00d3N <\/strong><\/p>\n<p><strong>OBJETO<\/strong>: ADQUISICI\u00d3N DE ART\u00cdCULOS DE LIBRERIA PARA EL PER\u00cdODO DE 6 MESES<\/p>\n<p><strong>EXPEDIENTE N\u00b0<\/strong> 7026\/EC-2019<\/p>\n<p><strong>DEPENDENCIA<\/strong>: MINISTERIO DE ECONOM\u00cdA<\/p>\n<p><strong><a href=\"http:\/\/compras.tierradelfuego.gov.ar\/wp-content\/uploads\/2019\/06\/DESCARGAR-ACTA-DE-PREADJUDICACI\u00d3N.pdf\">DESCARGAR ACTA DE PREADJUDICACI\u00d3N<\/a><\/strong><\/p>\n","protected":false},"excerpt":{"rendered":"<p>LICITACI\u00d3N PRIVADA 21\/19 &#8211; ACTA DE PREADJUDICACI\u00d3N OBJETO: ADQUISICI\u00d3N DE ART\u00cdCULOS DE LIBRERIA PARA EL PER\u00cdODO DE 6 MESES EXPEDIENTE N\u00b0 7026\/EC-2019 DEPENDENCIA: MINISTERIO DE ECONOM\u00cdA DESCARGAR ACTA DE PREADJUDICACI\u00d3N<\/p>\n","protected":false},"author":18,"featured_media":0,"comment_status":"open","ping_status":"open","sticky":false,"template":"","format":"standard","meta":{"footnotes":""},"categories":[3,18,21],"tags":[],"class_list":["post-34837","post","type-post","status-publish","format-standard","hentry","category-compras","category-licitacion-privada","category-ministerio-de-economia"],"_links":{"self":[{"href":"https:\/\/compras.tierradelfuego.gob.ar\/index.php?rest_route=\/wp\/v2\/posts\/34837","targetHints":{"allow":["GET"]}}],"collection":[{"href":"https:\/\/compras.tierradelfuego.gob.ar\/index.php?rest_route=\/wp\/v2\/posts"}],"about":[{"href":"https:\/\/compras.tierradelfuego.gob.ar\/index.php?rest_route=\/wp\/v2\/types\/post"}],"author":[{"embeddable":true,"href":"https:\/\/compras.tierradelfuego.gob.ar\/index.php?rest_route=\/wp\/v2\/users\/18"}],"replies":[{"embeddable":true,"href":"https:\/\/compras.tierradelfuego.gob.ar\/index.php?rest_route=%2Fwp%2Fv2%2Fcomments&post=34837"}],"version-history":[{"count":0,"href":"https:\/\/compras.tierradelfuego.gob.ar\/index.php?rest_route=\/wp\/v2\/posts\/34837\/revisions"}],"wp:attachment":[{"href":"https:\/\/compras.tierradelfuego.gob.ar\/index.php?rest_route=%2Fwp%2Fv2%2Fmedia&parent=34837"}],"wp:term":[{"taxonomy":"category","embeddable":true,"href":"https:\/\/compras.tierradelfuego.gob.ar\/index.php?rest_route=%2Fwp%2Fv2%2Fcategories&post=34837"},{"taxonomy":"post_tag","embeddable":true,"href":"https:\/\/compras.tierradelfuego.gob.ar\/index.php?rest_route=%2Fwp%2Fv2%2Ftags&post=34837"}],"curies":[{"name":"wp","href":"https:\/\/api.w.org\/{rel}","templated":true}]}}