{"id":34361,"date":"2019-05-24T12:49:15","date_gmt":"2019-05-24T15:49:15","guid":{"rendered":"http:\/\/compras.tierradelfuego.gov.ar\/?p=34361"},"modified":"2019-05-24T13:14:26","modified_gmt":"2019-05-24T16:14:26","slug":"contratacion-directa-disposicion-d-a-p-s-h-r-r-g-no-95319-contratacion-de-locacion-de-servicios-del-dr-moreno-jaime","status":"publish","type":"post","link":"https:\/\/compras.tierradelfuego.gob.ar\/?p=34361","title":{"rendered":"CONTRATACI\u00d3N DIRECTA &#8211; DISPOSICI\u00d3N D.A.P.S. H.R.R.G N\u00ba 953\/19 &#8211; CONTRATACI\u00d3N  DEL DR. MORENO JAIME"},"content":{"rendered":"<p><strong>CONTRATACI\u00d3N DIRECTA &#8211; DISPOSICI\u00d3N D.A.P.S. H.R.R.G N\u00ba 953\/19<\/strong><\/p>\n<p><strong>EXPEDIENTE<\/strong> N\u00ba 7778-MS\/2019<\/p>\n<p><strong>OBJETO<\/strong>: CONTRATACI\u00d3N\u00a0 DEL DR. MORENO JAIME<\/p>\n<p><strong>LUGAR<\/strong>: CONT. H.R.R.G<\/p>\n<p><strong>DOMICILIO<\/strong>: AMEGHINO 709. RIO GRANDE<\/p>\n<p><strong>TEL<\/strong>: <a href=\"callto:02964-422367\">02964-422367<\/a><\/p>\n<p>&nbsp;<\/p>\n<p><strong><a href=\"http:\/\/compras.tierradelfuego.gov.ar\/wp-content\/uploads\/2019\/05\/DESCARGAR-ACTO-ADMINISTRATIVO3.pdf\">DESCARGAR ACTO ADMINISTRATIVO<\/a><\/strong><\/p>\n","protected":false},"excerpt":{"rendered":"<p>CONTRATACI\u00d3N DIRECTA &#8211; DISPOSICI\u00d3N D.A.P.S. H.R.R.G N\u00ba 953\/19 EXPEDIENTE N\u00ba 7778-MS\/2019 OBJETO: CONTRATACI\u00d3N\u00a0 DEL DR. MORENO JAIME LUGAR: CONT. H.R.R.G DOMICILIO: AMEGHINO 709. RIO GRANDE TEL: 02964-422367 &nbsp; DESCARGAR ACTO ADMINISTRATIVO<\/p>\n","protected":false},"author":18,"featured_media":0,"comment_status":"open","ping_status":"open","sticky":false,"template":"","format":"standard","meta":{"footnotes":""},"categories":[3,11,12,25],"tags":[],"class_list":["post-34361","post","type-post","status-publish","format-standard","hentry","category-compras","category-directa","category-hospital-regional-rio-grande","category-ministerio-de-salud"],"_links":{"self":[{"href":"https:\/\/compras.tierradelfuego.gob.ar\/index.php?rest_route=\/wp\/v2\/posts\/34361","targetHints":{"allow":["GET"]}}],"collection":[{"href":"https:\/\/compras.tierradelfuego.gob.ar\/index.php?rest_route=\/wp\/v2\/posts"}],"about":[{"href":"https:\/\/compras.tierradelfuego.gob.ar\/index.php?rest_route=\/wp\/v2\/types\/post"}],"author":[{"embeddable":true,"href":"https:\/\/compras.tierradelfuego.gob.ar\/index.php?rest_route=\/wp\/v2\/users\/18"}],"replies":[{"embeddable":true,"href":"https:\/\/compras.tierradelfuego.gob.ar\/index.php?rest_route=%2Fwp%2Fv2%2Fcomments&post=34361"}],"version-history":[{"count":0,"href":"https:\/\/compras.tierradelfuego.gob.ar\/index.php?rest_route=\/wp\/v2\/posts\/34361\/revisions"}],"wp:attachment":[{"href":"https:\/\/compras.tierradelfuego.gob.ar\/index.php?rest_route=%2Fwp%2Fv2%2Fmedia&parent=34361"}],"wp:term":[{"taxonomy":"category","embeddable":true,"href":"https:\/\/compras.tierradelfuego.gob.ar\/index.php?rest_route=%2Fwp%2Fv2%2Fcategories&post=34361"},{"taxonomy":"post_tag","embeddable":true,"href":"https:\/\/compras.tierradelfuego.gob.ar\/index.php?rest_route=%2Fwp%2Fv2%2Ftags&post=34361"}],"curies":[{"name":"wp","href":"https:\/\/api.w.org\/{rel}","templated":true}]}}