{"id":285644,"date":"2026-09-04T15:31:49","date_gmt":"2026-09-04T18:31:49","guid":{"rendered":"https:\/\/compras.tierradelfuego.gob.ar\/?p=285644"},"modified":"2026-09-04T15:32:53","modified_gmt":"2026-09-04T18:32:53","slug":"contratacion-directa-por-compulsa-abreviada-n-118-2026-raf-560-expediente-n-mpa-e-62535-2026-objeto-s-reparacion-vehiculo-oficial-toyota-hilux-dominio-nas-097","status":"publish","type":"post","link":"https:\/\/compras.tierradelfuego.gob.ar\/?p=285644","title":{"rendered":"CONTRATACI\u00d3N DIRECTA POR COMPULSA ABREVIADA N\u00b0 118\/2026\u00a0&#8211; RAF 560   EXPEDIENTE N\u00b0 MPA-E-62535-2026   OBJETO:\u00a0\u201cS\/REPARACI\u00d3N VEH\u00cdCULO OFICIAL TOYOTA HILUX, DOMINIO: NAS 097 \u2013 DIRECCI\u00d3N GENERAL DE BIODIVERSIDAD Y CONSERVACION \u2013 SECRETAR\u00cdA DE AMBIENTE &#8211; M.P.A.\u201d."},"content":{"rendered":"<div class=\"x_elementToProof\"><span class=\"x_spanWithBackgroundColor\" data-olk-copy-source=\"MessageBody\">CONTRATACI\u00d3N DIRECTA POR COMPULSA ABREVIADA N\u00b0 118\/2026<\/span>\u00a0&#8211; RAF 560<\/div>\n<div class=\"x_elementToProof\"><\/div>\n<div class=\"x_elementToProof\">EXPEDIENTE N\u00b0 MPA-E-62535-2026<\/div>\n<div class=\"x_elementToProof\"><\/div>\n<div class=\"x_elementToProof\">OBJETO:\u00a0<b>\u201cS\/REPARACI\u00d3N VEH\u00cdCULO OFICIAL TOYOTA HILUX, DOMINIO: NAS 097 \u2013 DIRECCI\u00d3N GENERAL DE BIODIVERSIDAD Y CONSERVACION \u2013 SECRETAR\u00cdA DE AMBIENTE &#8211; M.P.A.\u201d.<\/b><\/div>\n<div class=\"x_elementToProof\"><\/div>\n<div class=\"x_elementToProof\">\u00c1REA SOLICITANTE: Secretar\u00eda de Ambiente &#8211; MPA<\/div>\n<div class=\"x_elementToProof\"><\/div>\n<div class=\"x_elementToProof\"><span class=\"x_spanWithBackgroundColor\">FECHA DE RECEPCI\u00d3N DE OFERTAS: HASTA EL\u00a0 08\/09\/2026\u00a0A LAS 11:00HS.<\/span><\/div>\n<div class=\"x_elementToProof\"><span class=\"x_spanWithBackgroundColor\">PRESENTACI\u00d3N DE LA OFERTA POR CORREO: admunoz@tierradelfuego.gob.ar\u00a0\u00a0<\/span><\/div>\n<div class=\"x_elementToProof\"><span class=\"x_spanWithBackgroundColor\">\u00a0<\/span><\/div>\n<div class=\"x_elementToProof\"><span class=\"x_spanWithBackgroundColor\">LUGAR DE PRESENTACI\u00d3N DE OFERTAS: MINISTERIO DE PRODUCCI\u00d3N Y AMBIENTE \u2013 DIRECCI\u00d3N GENERAL DE ADMINISTRACI\u00d3N FINANCIERA SITA EN FITZ ROY N\u00b0 164 PLANTA BAJA DE LA CIUDAD DE USHUAIA.<\/span><\/div>\n<div class=\"x_elementToProof\"><span class=\"x_spanWithBackgroundColor\">\u00a0<\/span><\/div>\n<div class=\"x_elementToProof\"><span class=\"x_spanWithBackgroundColor\">APERTURA: 08\/09\/2026\u00a0A LAS 11:00HS.\u00a0<\/span><\/div>\n<div><\/div>\n<div><\/div>\n<div><a href=\"https:\/\/compras.tierradelfuego.gob.ar\/wp-content\/uploads\/2026\/09\/resolucion-ss.c.a.-n-148-2026-e-81289-2026-reparacion-vehiculo-oficial-toyota-hilux-nas097-dir.-gral.-de-biodiversidad-y-conservacion-sec.-ambiente-.pdf\">resolucion-ss.c.a.-n-148-2026-e-81289-2026-reparacion-vehiculo-oficial-toyota-hilux-nas097-dir.-gral.-de-biodiversidad-y-conservacion-sec.-ambiente-<\/a><\/div>\n<div><\/div>\n<div><a href=\"https:\/\/compras.tierradelfuego.gob.ar\/wp-content\/uploads\/2026\/09\/formulario-de-cotizacion-nro-118-ejer-2026-raf-560-.pdf\">formulario-de-cotizacion-nro-118-ejer-2026-raf-560-<\/a><\/div>\n","protected":false},"excerpt":{"rendered":"<p>CONTRATACI\u00d3N DIRECTA POR COMPULSA ABREVIADA N\u00b0 118\/2026\u00a0&#8211; RAF 560 EXPEDIENTE N\u00b0 MPA-E-62535-2026 OBJETO:\u00a0\u201cS\/REPARACI\u00d3N VEH\u00cdCULO OFICIAL TOYOTA HILUX, DOMINIO: NAS 097 \u2013 DIRECCI\u00d3N GENERAL DE BIODIVERSIDAD Y CONSERVACION \u2013 SECRETAR\u00cdA DE AMBIENTE &#8211; M.P.A.\u201d. \u00c1REA SOLICITANTE: Secretar\u00eda de Ambiente &#8211; MPA FECHA DE RECEPCI\u00d3N DE OFERTAS: HASTA EL\u00a0 08\/09\/2026\u00a0A LAS 11:00HS. PRESENTACI\u00d3N DE LA OFERTA POR [&hellip;]<\/p>\n","protected":false},"author":17,"featured_media":0,"comment_status":"closed","ping_status":"closed","sticky":false,"template":"","format":"standard","meta":{"footnotes":""},"categories":[3,11,159],"tags":[],"class_list":["post-285644","post","type-post","status-publish","format-standard","hentry","category-compras","category-directa","category-ministerio-de-produccion-y-ambiente"],"_links":{"self":[{"href":"https:\/\/compras.tierradelfuego.gob.ar\/index.php?rest_route=\/wp\/v2\/posts\/285644","targetHints":{"allow":["GET"]}}],"collection":[{"href":"https:\/\/compras.tierradelfuego.gob.ar\/index.php?rest_route=\/wp\/v2\/posts"}],"about":[{"href":"https:\/\/compras.tierradelfuego.gob.ar\/index.php?rest_route=\/wp\/v2\/types\/post"}],"author":[{"embeddable":true,"href":"https:\/\/compras.tierradelfuego.gob.ar\/index.php?rest_route=\/wp\/v2\/users\/17"}],"replies":[{"embeddable":true,"href":"https:\/\/compras.tierradelfuego.gob.ar\/index.php?rest_route=%2Fwp%2Fv2%2Fcomments&post=285644"}],"version-history":[{"count":1,"href":"https:\/\/compras.tierradelfuego.gob.ar\/index.php?rest_route=\/wp\/v2\/posts\/285644\/revisions"}],"predecessor-version":[{"id":285647,"href":"https:\/\/compras.tierradelfuego.gob.ar\/index.php?rest_route=\/wp\/v2\/posts\/285644\/revisions\/285647"}],"wp:attachment":[{"href":"https:\/\/compras.tierradelfuego.gob.ar\/index.php?rest_route=%2Fwp%2Fv2%2Fmedia&parent=285644"}],"wp:term":[{"taxonomy":"category","embeddable":true,"href":"https:\/\/compras.tierradelfuego.gob.ar\/index.php?rest_route=%2Fwp%2Fv2%2Fcategories&post=285644"},{"taxonomy":"post_tag","embeddable":true,"href":"https:\/\/compras.tierradelfuego.gob.ar\/index.php?rest_route=%2Fwp%2Fv2%2Ftags&post=285644"}],"curies":[{"name":"wp","href":"https:\/\/api.w.org\/{rel}","templated":true}]}}