{"id":285621,"date":"2026-09-04T15:12:44","date_gmt":"2026-09-04T18:12:44","guid":{"rendered":"https:\/\/compras.tierradelfuego.gob.ar\/?p=285621"},"modified":"2026-09-04T15:12:57","modified_gmt":"2026-09-04T18:12:57","slug":"compra-directa-n-1762-2026-expte-n-1664-2026-objeto-de-la-contratacion-s-solicitud-de-insumos-medicos-2","status":"publish","type":"post","link":"https:\/\/compras.tierradelfuego.gob.ar\/?p=285621","title":{"rendered":"COMPRA DIRECTA N\u00b0 1762\/2026  EXPTE. N\u00b0 1664\/2026  OBJETO DE LA CONTRATACI\u00d3N: S\/SOLICITUD DE INSUMOS M\u00c9DICOS"},"content":{"rendered":"<p>COMPRA DIRECTA N\u00b0 1762\/2026<\/p>\n<p>EXPTE. N\u00b0 1664\/2026<\/p>\n<p>OBJETO DE LA CONTRATACI\u00d3N: S\/SOLICITUD DE INSUMOS M\u00c9DICOS<\/p>\n<p>\u00c1REA GENERADORA: DEPTO. COMPRAS ASISTENCIALES RG &#8211; OSEF.<\/p>\n<p>FECHA Y LUGAR DE RECEPCI\u00d3N DE OFERTAS: 07\/09\/2026 &#8211; HASTA LAS 9:59 HS.\u00a0 &#8211; DELEGACI\u00d3N OSEF- AVENIDA BELGRANO N\u00b0319 &#8211; RIO GRANDE (CP: 9420).<\/p>\n<p><a name=\"x_OBJ_PREFIX_DWT978_ZmEmailObjectHandler\"><\/a><a name=\"x_OBJ_PREFIX_DWT377_ZmEmailObjectHandler\"><\/a><a name=\"x_OBJ_PREFIX_DWT635_ZmEmailObjectHandler\"><\/a><a name=\"x_OBJ_PREFIX_DWT572_ZmEmailObjectHandler\"><\/a><a name=\"x_OBJ_PREFIX_DWT288_ZmEmailObjectHandler\"><\/a><a name=\"x_OBJ_PREFIX_DWT261_ZmEmailObjectHandler\"><\/a><a name=\"x_OBJ_PREFIX_DWT437_ZmEmailObjectHandler\"><\/a><a name=\"x_OBJ_PREFIX_DWT260_ZmEmailObjectHandler\"><\/a><a name=\"x_OBJ_PREFIX_DWT196_ZmEmailObjectHandler\"><\/a><a name=\"x_OBJ_PREFIX_DWT143_ZmEmailObjectHandler\"><\/a><a name=\"x_OBJ_PREFIX_DWT70_ZmEmailObjectHandler\"><\/a><a name=\"x_OBJ_PREFIX_DWT485_ZmEmailObjectHandler\"><\/a><a name=\"x_OBJ_PREFIX_DWT428_ZmEmailObjectHandler\"><\/a><a name=\"x_OBJ_PREFIX_DWT273_ZmEmailObjectHandler\"><\/a><a name=\"x_OBJ_PREFIX_DWT468_ZmEmailObjectHandler\"><\/a><a name=\"x_OBJ_PREFIX_DWT429_ZmEmailObjectHandler\"><\/a><a name=\"x_OBJ_PREFIX_DWT348_ZmEmailObjectHandler\"><\/a><a name=\"x_OBJ_PREFIX_DWT78_ZmEmailObjectHandler\"><\/a><a name=\"x_OBJ_PREFIX_DWT316_ZmEmailObjectHandler\"><\/a><a name=\"x_OBJ_PREFIX_DWT87_ZmEmailObjectHandler\"><\/a><a name=\"x_OBJ_PREFIX_DWT494_ZmEmailObjectHandler\"><\/a><a name=\"x_OBJ_PREFIX_DWT239_ZmEmailObjectHandler\"><\/a><a name=\"x_OBJ_PREFIX_DWT293_ZmEmailObjectHandler\"><\/a><a name=\"x_OBJ_PREFIX_DWT225_ZmEmailObjectHandler\"><\/a><a name=\"x_OBJ_PREFIX_DWT234_ZmEmailObjectHandler\"><\/a><a name=\"x_OBJ_PREFIX_DWT585_ZmEmailObjectHandler\"><\/a><a name=\"x_OBJ_PREFIX_DWT185_ZmEmailObjectHandler\"><\/a><a name=\"x_OBJ_PREFIX_DWT90_ZmEmailObjectHandler\"><\/a> CONTACTO PARA CONSULTAS:\u00a0<a href=\"about:blank\" target=\"_blank\" rel=\"noopener\">02964-420476<\/a>\u00a0O COMPRASASISTENCIALESRG@OSEF.GOB.AR<\/p>\n<p>&nbsp;<\/p>\n<p>&nbsp;<\/p>\n<p><a href=\"https:\/\/compras.tierradelfuego.gob.ar\/wp-content\/uploads\/2026\/09\/informe-tecnico-expte.-77481-26-imbodem.pdf\">informe-tecnico-expte.-77481-26-imbodem<\/a><\/p>\n<p>&nbsp;<\/p>\n<p><a href=\"https:\/\/compras.tierradelfuego.gob.ar\/wp-content\/uploads\/2026\/09\/planilla-comparativa-de-preadjudicacion-1.pdf\">planilla-comparativa-de-preadjudicacion-1<\/a><\/p>\n<p>&nbsp;<\/p>\n","protected":false},"excerpt":{"rendered":"<p>COMPRA DIRECTA N\u00b0 1762\/2026 EXPTE. N\u00b0 1664\/2026 OBJETO DE LA CONTRATACI\u00d3N: S\/SOLICITUD DE INSUMOS M\u00c9DICOS \u00c1REA GENERADORA: DEPTO. COMPRAS ASISTENCIALES RG &#8211; OSEF. FECHA Y LUGAR DE RECEPCI\u00d3N DE OFERTAS: 07\/09\/2026 &#8211; HASTA LAS 9:59 HS.\u00a0 &#8211; DELEGACI\u00d3N OSEF- AVENIDA BELGRANO N\u00b0319 &#8211; RIO GRANDE (CP: 9420). CONTACTO PARA CONSULTAS:\u00a002964-420476\u00a0O COMPRASASISTENCIALESRG@OSEF.GOB.AR &nbsp; &nbsp; informe-tecnico-expte.-77481-26-imbodem &nbsp; [&hellip;]<\/p>\n","protected":false},"author":17,"featured_media":0,"comment_status":"closed","ping_status":"closed","sticky":false,"template":"","format":"standard","meta":{"footnotes":""},"categories":[3,11,139],"tags":[],"class_list":["post-285621","post","type-post","status-publish","format-standard","hentry","category-compras","category-directa","category-obra-social-de-la-provincia-de-tierra-del-fuego-osptf"],"_links":{"self":[{"href":"https:\/\/compras.tierradelfuego.gob.ar\/index.php?rest_route=\/wp\/v2\/posts\/285621","targetHints":{"allow":["GET"]}}],"collection":[{"href":"https:\/\/compras.tierradelfuego.gob.ar\/index.php?rest_route=\/wp\/v2\/posts"}],"about":[{"href":"https:\/\/compras.tierradelfuego.gob.ar\/index.php?rest_route=\/wp\/v2\/types\/post"}],"author":[{"embeddable":true,"href":"https:\/\/compras.tierradelfuego.gob.ar\/index.php?rest_route=\/wp\/v2\/users\/17"}],"replies":[{"embeddable":true,"href":"https:\/\/compras.tierradelfuego.gob.ar\/index.php?rest_route=%2Fwp%2Fv2%2Fcomments&post=285621"}],"version-history":[{"count":1,"href":"https:\/\/compras.tierradelfuego.gob.ar\/index.php?rest_route=\/wp\/v2\/posts\/285621\/revisions"}],"predecessor-version":[{"id":285624,"href":"https:\/\/compras.tierradelfuego.gob.ar\/index.php?rest_route=\/wp\/v2\/posts\/285621\/revisions\/285624"}],"wp:attachment":[{"href":"https:\/\/compras.tierradelfuego.gob.ar\/index.php?rest_route=%2Fwp%2Fv2%2Fmedia&parent=285621"}],"wp:term":[{"taxonomy":"category","embeddable":true,"href":"https:\/\/compras.tierradelfuego.gob.ar\/index.php?rest_route=%2Fwp%2Fv2%2Fcategories&post=285621"},{"taxonomy":"post_tag","embeddable":true,"href":"https:\/\/compras.tierradelfuego.gob.ar\/index.php?rest_route=%2Fwp%2Fv2%2Ftags&post=285621"}],"curies":[{"name":"wp","href":"https:\/\/api.w.org\/{rel}","templated":true}]}}