{"id":285510,"date":"2026-09-04T10:38:08","date_gmt":"2026-09-04T13:38:08","guid":{"rendered":"https:\/\/compras.tierradelfuego.gob.ar\/?p=285510"},"modified":"2026-09-04T10:38:08","modified_gmt":"2026-09-04T13:38:08","slug":"circular-modificatoria-n-01-2026-referente-a-la-compra-directa-por-compulsa-abreviada-n-12-2026-raf-599-que-tramita-mediante-expediente-electronico-e-80794-2026-s-contratacion-referente","status":"publish","type":"post","link":"https:\/\/compras.tierradelfuego.gob.ar\/?p=285510","title":{"rendered":"CIRCULAR MODIFICATORIA N\u00b0 01\/2026 REFERENTE A LA COMPRA DIRECTA POR COMPULSA ABREVIADA N\u00b0 12\/2026 RAF 599, QUE TRAMITA MEDIANTE EXPEDIENTE ELECTR\u00d3NICO E-80794-2026 \u00abS\/CONTRATACI\u00d3N REFERENTE A INSTALACI\u00d3N DE TENDIDO DE FIBRA \u00d3PTICA PARA CONECTIVIDAD DE INTERNET EN LA DEPENDENCIA PERTENECIENTE A LA SECRETAR\u00cdA DE PROTECCI\u00d3N CIVIL.-\u00ab"},"content":{"rendered":"<p>CIRCULAR MODIFICATORIA N\u00b0 01\/2026 REFERENTE A LA COMPRA DIRECTA POR COMPULSA ABREVIADA N\u00b0 12\/2026 RAF 599, QUE TRAMITA MEDIANTE EXPEDIENTE ELECTR\u00d3NICO E-80794-2026 \u00abS\/CONTRATACI\u00d3N REFERENTE A INSTALACI\u00d3N DE TENDIDO DE FIBRA \u00d3PTICA PARA CONECTIVIDAD DE INTERNET EN LA DEPENDENCIA PERTENECIENTE A LA SECRETAR\u00cdA DE PROTECCI\u00d3N CIVIL.-\u00bb<\/p>\n<p>&nbsp;<\/p>\n<p>&nbsp;<\/p>\n<p><a href=\"https:\/\/compras.tierradelfuego.gob.ar\/wp-content\/uploads\/2026\/09\/disposicion-d.g.a.f.-ss.a.-n-12-2026.pdf\">disposicion-d.g.a.f.-ss.a.-n-12-2026<\/a><\/p>\n","protected":false},"excerpt":{"rendered":"<p>CIRCULAR MODIFICATORIA N\u00b0 01\/2026 REFERENTE A LA COMPRA DIRECTA POR COMPULSA ABREVIADA N\u00b0 12\/2026 RAF 599, QUE TRAMITA MEDIANTE EXPEDIENTE ELECTR\u00d3NICO E-80794-2026 \u00abS\/CONTRATACI\u00d3N REFERENTE A INSTALACI\u00d3N DE TENDIDO DE FIBRA \u00d3PTICA PARA CONECTIVIDAD DE INTERNET EN LA DEPENDENCIA PERTENECIENTE A LA SECRETAR\u00cdA DE PROTECCI\u00d3N CIVIL.-\u00bb &nbsp; &nbsp; disposicion-d.g.a.f.-ss.a.-n-12-2026<\/p>\n","protected":false},"author":17,"featured_media":0,"comment_status":"closed","ping_status":"closed","sticky":false,"template":"","format":"standard","meta":{"footnotes":""},"categories":[3,11,102],"tags":[],"class_list":["post-285510","post","type-post","status-publish","format-standard","hentry","category-compras","category-directa","category-ministerio-de-jefatura-de-gabinete"],"_links":{"self":[{"href":"https:\/\/compras.tierradelfuego.gob.ar\/index.php?rest_route=\/wp\/v2\/posts\/285510","targetHints":{"allow":["GET"]}}],"collection":[{"href":"https:\/\/compras.tierradelfuego.gob.ar\/index.php?rest_route=\/wp\/v2\/posts"}],"about":[{"href":"https:\/\/compras.tierradelfuego.gob.ar\/index.php?rest_route=\/wp\/v2\/types\/post"}],"author":[{"embeddable":true,"href":"https:\/\/compras.tierradelfuego.gob.ar\/index.php?rest_route=\/wp\/v2\/users\/17"}],"replies":[{"embeddable":true,"href":"https:\/\/compras.tierradelfuego.gob.ar\/index.php?rest_route=%2Fwp%2Fv2%2Fcomments&post=285510"}],"version-history":[{"count":1,"href":"https:\/\/compras.tierradelfuego.gob.ar\/index.php?rest_route=\/wp\/v2\/posts\/285510\/revisions"}],"predecessor-version":[{"id":285512,"href":"https:\/\/compras.tierradelfuego.gob.ar\/index.php?rest_route=\/wp\/v2\/posts\/285510\/revisions\/285512"}],"wp:attachment":[{"href":"https:\/\/compras.tierradelfuego.gob.ar\/index.php?rest_route=%2Fwp%2Fv2%2Fmedia&parent=285510"}],"wp:term":[{"taxonomy":"category","embeddable":true,"href":"https:\/\/compras.tierradelfuego.gob.ar\/index.php?rest_route=%2Fwp%2Fv2%2Fcategories&post=285510"},{"taxonomy":"post_tag","embeddable":true,"href":"https:\/\/compras.tierradelfuego.gob.ar\/index.php?rest_route=%2Fwp%2Fv2%2Ftags&post=285510"}],"curies":[{"name":"wp","href":"https:\/\/api.w.org\/{rel}","templated":true}]}}