{"id":285466,"date":"2026-09-03T15:30:16","date_gmt":"2026-09-03T18:30:16","guid":{"rendered":"https:\/\/compras.tierradelfuego.gob.ar\/?p=285466"},"modified":"2026-09-03T15:30:41","modified_gmt":"2026-09-03T18:30:41","slug":"compra-directa-n-51-26-raf-109-expte-mbcj-e-n-66611-26-objeto-s-solicitud-de-adquisicion-de-insumo-para-la-reparacion-del-movil-oficial-dominio-ab919pc-a-cargo-de-la-secretar","status":"publish","type":"post","link":"https:\/\/compras.tierradelfuego.gob.ar\/?p=285466","title":{"rendered":"COMPRA DIRECTA: N\u00b0 51-26 RAF 109. &#8211; EXPTE MBCJ E N\u00b0 66611\/26-OBJETO: \u201cS\/SOLICITUD DE ADQUISICI\u00d3N DE INSUMO PARA LA REPARACI\u00d3N DEL M\u00d3VIL OFICIAL DOMINIO AB919PC A CARGO DE LA SECRETARIA DE ATENCI\u00d3N CIUDADANA Y JUSTICIA DEL MINISTERIO DE BIENESTAR CIUDADANO Y JUSTICIA\u201d"},"content":{"rendered":"<p align=\"left\"><span style=\"font-family: Times New Roman, serif;\">OBJETO: \u201cS\/SOLICITUD DE ADQUISICI\u00d3N DE INSUMO PARA LA REPARACI\u00d3N DEL M\u00d3VIL OFICIAL DOMINIO AB919PC A CARGO DE LA SECRETARIA DE ATENCI\u00d3N CIUDADANA Y JUSTICIA DEL MINISTERIO DE BIENESTAR CIUDADANO Y JUSTICIA\u201d<\/span><\/p>\n<p><span style=\"font-family: Times New Roman, serif;\">MODALIDAD\u00a0DE\u00a0COMPRA: LEY PROVINCIAL N\u00b0 1015, ART\u00cdCULO 18, INCISO L).-<\/span><\/p>\n<p><span style=\"font-family: Times New Roman, serif;\">TIPO\u00a0DE\u00a0CONTRATACI\u00d3N: CONTRATACI\u00d3N DIRECTA POR COMPULSA ABREVIADA.<\/span><\/p>\n<p><span style=\"font-family: Times New Roman, serif;\">EXPTE MBCJ E N\u00b0 66611\/26.<\/span><\/p>\n<p><span style=\"font-family: Times New Roman, serif;\">COMPRA DIRECTA: N\u00b0 51-26 RAF 109.<\/span><\/p>\n<p><span style=\"font-family: Times New Roman, serif;\">FECHA Y HORA\u00a0DE\u00a0RECEPCI\u00d3N\u00a0DE\u00a0OFERTAS: 08\/09\/26 HASTA LAS 10:30 HS &#8211;\u00a0<\/span><\/p>\n<p>&nbsp;<\/p>\n<p><a name=\"OWAc58ddf06-7e1a-60bc-22d8-65468b2a613a\"><\/a> <span style=\"font-family: Times New Roman, serif;\">LUGAR\u00a0DE\u00a0PRESENTACI\u00d3N\u00a0DE\u00a0OFERTAS: VIA CORREO ELECTR\u00d3NICO A:\u00a0<a href=\"mailto:compras.dgaf.mbcj@tierradelfuego.gob.ar\">COMPRAS.DGAF.MBCJ@TIERRADELFUEGO.GOB.AR<\/a>\u00a0O EN GUIRALDES N\u00b0 576, 1\u00b0 PISO- DIRECCI\u00d3N GENERAL DE ADMINISTRACI\u00d3N FINANCIERA &#8211; CIUDAD DE USHUAIA.<\/span><\/p>\n<p>&nbsp;<\/p>\n<p><span style=\"font-family: Times New Roman, serif;\">LUGAR Y FECHA\u00a0DE\u00a0APERTURA: GUIRALDES N\u00b0 576, 1\u00b0 PISO-DIRECCI\u00d3N GENERAL DE ADMINISTRACI\u00d3N FINANCIERA &#8211; USHUAIA &#8211; D\u00cdA 08\/09\/26 A LAS 10:30 HS.-<\/span><\/p>\n<p>&nbsp;<\/p>\n<p>&nbsp;<\/p>\n<p><a href=\"https:\/\/compras.tierradelfuego.gob.ar\/wp-content\/uploads\/2026\/09\/disposicion-y-formulario-cd-51-2026-ra-109.pdf\">disposicion-y-formulario-cd-51-2026-ra-109<\/a><\/p>\n","protected":false},"excerpt":{"rendered":"<p>OBJETO: \u201cS\/SOLICITUD DE ADQUISICI\u00d3N DE INSUMO PARA LA REPARACI\u00d3N DEL M\u00d3VIL OFICIAL DOMINIO AB919PC A CARGO DE LA SECRETARIA DE ATENCI\u00d3N CIUDADANA Y JUSTICIA DEL MINISTERIO DE BIENESTAR CIUDADANO Y JUSTICIA\u201d MODALIDAD\u00a0DE\u00a0COMPRA: LEY PROVINCIAL N\u00b0 1015, ART\u00cdCULO 18, INCISO L).- TIPO\u00a0DE\u00a0CONTRATACI\u00d3N: CONTRATACI\u00d3N DIRECTA POR COMPULSA ABREVIADA. EXPTE MBCJ E N\u00b0 66611\/26. COMPRA DIRECTA: N\u00b0 51-26 [&hellip;]<\/p>\n","protected":false},"author":17,"featured_media":0,"comment_status":"closed","ping_status":"closed","sticky":false,"template":"","format":"standard","meta":{"footnotes":""},"categories":[3,11,202],"tags":[],"class_list":["post-285466","post","type-post","status-publish","format-standard","hentry","category-compras","category-directa","category-ministerio-de-bienestar-ciudadano-y-justicia"],"_links":{"self":[{"href":"https:\/\/compras.tierradelfuego.gob.ar\/index.php?rest_route=\/wp\/v2\/posts\/285466","targetHints":{"allow":["GET"]}}],"collection":[{"href":"https:\/\/compras.tierradelfuego.gob.ar\/index.php?rest_route=\/wp\/v2\/posts"}],"about":[{"href":"https:\/\/compras.tierradelfuego.gob.ar\/index.php?rest_route=\/wp\/v2\/types\/post"}],"author":[{"embeddable":true,"href":"https:\/\/compras.tierradelfuego.gob.ar\/index.php?rest_route=\/wp\/v2\/users\/17"}],"replies":[{"embeddable":true,"href":"https:\/\/compras.tierradelfuego.gob.ar\/index.php?rest_route=%2Fwp%2Fv2%2Fcomments&post=285466"}],"version-history":[{"count":1,"href":"https:\/\/compras.tierradelfuego.gob.ar\/index.php?rest_route=\/wp\/v2\/posts\/285466\/revisions"}],"predecessor-version":[{"id":285468,"href":"https:\/\/compras.tierradelfuego.gob.ar\/index.php?rest_route=\/wp\/v2\/posts\/285466\/revisions\/285468"}],"wp:attachment":[{"href":"https:\/\/compras.tierradelfuego.gob.ar\/index.php?rest_route=%2Fwp%2Fv2%2Fmedia&parent=285466"}],"wp:term":[{"taxonomy":"category","embeddable":true,"href":"https:\/\/compras.tierradelfuego.gob.ar\/index.php?rest_route=%2Fwp%2Fv2%2Fcategories&post=285466"},{"taxonomy":"post_tag","embeddable":true,"href":"https:\/\/compras.tierradelfuego.gob.ar\/index.php?rest_route=%2Fwp%2Fv2%2Ftags&post=285466"}],"curies":[{"name":"wp","href":"https:\/\/api.w.org\/{rel}","templated":true}]}}