{"id":285458,"date":"2026-09-03T15:18:03","date_gmt":"2026-09-03T18:18:03","guid":{"rendered":"https:\/\/compras.tierradelfuego.gob.ar\/?p=285458"},"modified":"2026-09-03T15:21:39","modified_gmt":"2026-09-03T18:21:39","slug":"contratacion-directa-n-33-26-raf-514-expediente-med-n-76889-26-objeto-s-solicitud-de-compra-de-insumos-de-impresion-matriz-nacional-pea-2026-s-p-i-m-ed","status":"publish","type":"post","link":"https:\/\/compras.tierradelfuego.gob.ar\/?p=285458","title":{"rendered":"CONTRATACI\u00d3N DIRECTA \u00a0N\u00b0 33\/26 &#8211; RAF 514. EXPEDIENTE MED-N\u00b0 76889\/26.   OBJETO: \u00abS\/SOLICITUD DE COMPRA DE INSUMOS DE IMPRESI\u00d3N MATRIZ NACIONAL PEA 2026 &#8211; S.P.I.- M.ED.\u00bb."},"content":{"rendered":"<p align=\"left\"><span style=\"font-family: Times New Roman, serif;\">CONTRATACI\u00d3N DIRECTA \u00a0N\u00b0 33\/26 &#8211; RAF 514.<br \/>\nEXPEDIENTE MED-N\u00b0 76889\/26.<\/span><\/p>\n<p>OBJETO: \u00abS\/SOLICITUD DE COMPRA DE INSUMOS DE IMPRESI\u00d3N MATRIZ NACIONAL PEA 2026 &#8211; S.P.I.- M.ED.\u00bb.<br \/>\n\u00c1REA SOLICITANTE: SECRETAR\u00cdA DE POL\u00cdTICAS DE INCLUSI\u00d3N &#8211; MED<br \/>\nFECHA DE RECEPCI\u00d3N DE OFERTAS: HASTA EL 08\/09\/2026 A LAS 11:30 HS.<br \/>\nLUGAR DE PRESENTACI\u00d3N DE OFERTAS: GOBERNADOR CAMPOS 1441 TIRA 11 CASA 60 &#8211; USHUAIA\u00a0<a href=\"mailto:fondosnacionales@tdf.edu.ar\">FONDOSNACIONALES@TDF.EDU.AR<\/a><\/p>\n<p>APERTURA: 08\/09\/2026 A LAS 11:00 HS.<br \/>\nCONSULTAS:\u00a0<a href=\"mailto:fondosnacionales@tdf.edu.ar\">FONDOSNACIONALES@TDF.EDU.AR<\/a><\/p>\n<p>&nbsp;<\/p>\n<p><a href=\"https:\/\/compras.tierradelfuego.gob.ar\/wp-content\/uploads\/2026\/09\/solicitud_cotizacion-nro-33-ejer-2026-raf-514-rnd-4647.pdf\">solicitud_cotizacion-nro-33-ejer-2026-raf-514-rnd-4647<\/a><\/p>\n<p align=\"left\">\n","protected":false},"excerpt":{"rendered":"<p>CONTRATACI\u00d3N DIRECTA \u00a0N\u00b0 33\/26 &#8211; RAF 514. EXPEDIENTE MED-N\u00b0 76889\/26. OBJETO: \u00abS\/SOLICITUD DE COMPRA DE INSUMOS DE IMPRESI\u00d3N MATRIZ NACIONAL PEA 2026 &#8211; S.P.I.- M.ED.\u00bb. \u00c1REA SOLICITANTE: SECRETAR\u00cdA DE POL\u00cdTICAS DE INCLUSI\u00d3N &#8211; MED FECHA DE RECEPCI\u00d3N DE OFERTAS: HASTA EL 08\/09\/2026 A LAS 11:30 HS. LUGAR DE PRESENTACI\u00d3N DE OFERTAS: GOBERNADOR CAMPOS 1441 TIRA [&hellip;]<\/p>\n","protected":false},"author":17,"featured_media":0,"comment_status":"closed","ping_status":"closed","sticky":false,"template":"","format":"standard","meta":{"footnotes":""},"categories":[3,11,22],"tags":[],"class_list":["post-285458","post","type-post","status-publish","format-standard","hentry","category-compras","category-directa","category-ministerio-de-educacion"],"_links":{"self":[{"href":"https:\/\/compras.tierradelfuego.gob.ar\/index.php?rest_route=\/wp\/v2\/posts\/285458","targetHints":{"allow":["GET"]}}],"collection":[{"href":"https:\/\/compras.tierradelfuego.gob.ar\/index.php?rest_route=\/wp\/v2\/posts"}],"about":[{"href":"https:\/\/compras.tierradelfuego.gob.ar\/index.php?rest_route=\/wp\/v2\/types\/post"}],"author":[{"embeddable":true,"href":"https:\/\/compras.tierradelfuego.gob.ar\/index.php?rest_route=\/wp\/v2\/users\/17"}],"replies":[{"embeddable":true,"href":"https:\/\/compras.tierradelfuego.gob.ar\/index.php?rest_route=%2Fwp%2Fv2%2Fcomments&post=285458"}],"version-history":[{"count":2,"href":"https:\/\/compras.tierradelfuego.gob.ar\/index.php?rest_route=\/wp\/v2\/posts\/285458\/revisions"}],"predecessor-version":[{"id":285461,"href":"https:\/\/compras.tierradelfuego.gob.ar\/index.php?rest_route=\/wp\/v2\/posts\/285458\/revisions\/285461"}],"wp:attachment":[{"href":"https:\/\/compras.tierradelfuego.gob.ar\/index.php?rest_route=%2Fwp%2Fv2%2Fmedia&parent=285458"}],"wp:term":[{"taxonomy":"category","embeddable":true,"href":"https:\/\/compras.tierradelfuego.gob.ar\/index.php?rest_route=%2Fwp%2Fv2%2Fcategories&post=285458"},{"taxonomy":"post_tag","embeddable":true,"href":"https:\/\/compras.tierradelfuego.gob.ar\/index.php?rest_route=%2Fwp%2Fv2%2Ftags&post=285458"}],"curies":[{"name":"wp","href":"https:\/\/api.w.org\/{rel}","templated":true}]}}