{"id":285365,"date":"2026-09-03T11:50:42","date_gmt":"2026-09-03T14:50:42","guid":{"rendered":"https:\/\/compras.tierradelfuego.gob.ar\/?p=285365"},"modified":"2026-09-03T11:51:07","modified_gmt":"2026-09-03T14:51:07","slug":"contratacion-directa-no-72-2026-llamado-no-01-expediente-no-med-e-65864-2026-objeto-s-compra-de-dos-2-camillas-destinadas-a-los-servicios-de-enfermeria-escolar-de-dos-2","status":"publish","type":"post","link":"https:\/\/compras.tierradelfuego.gob.ar\/?p=285365","title":{"rendered":"CONTRATACI\u00d3N DIRECTA N\u00ba\u00a0 72\/2026 &#8211;  LLAMADO\u00a0N\u00ba 01- EXPEDIENTE N\u00ba MED-E-65864-2026.     OBJETO:\u00a0\u00abS\/COMPRA DE DOS (2) CAMILLAS DESTINADAS A LOS SERVICIOS DE ENFERMER\u00cdA ESCOLAR DE DOS (2) INSTITUCIONES DE LA MODALIDAD DE EDUCACI\u00d3N ESPECIAL DE LA PROVINCIA\u00bb"},"content":{"rendered":"<p align=\"left\"><span style=\"font-size: small;\"><span style=\"font-family: Times New Roman, serif;\">CONTRATACI\u00d3N DIRECTA N\u00ba\u00a0 72\/2026 &#8211;<\/span><\/span><\/p>\n<p><span style=\"font-size: small;\"><span style=\"font-family: Times New Roman, serif;\">LLAMADO\u00a0N\u00ba 01- EXPEDIENTE N\u00ba MED-E-65864-2026.<\/span><\/span><\/p>\n<p>&nbsp;<\/p>\n<p><span style=\"font-size: small;\"><span style=\"font-family: Times New Roman, serif;\">OBJETO:\u00a0\u00abS\/COMPRA DE DOS (2) CAMILLAS DESTINADAS A LOS SERVICIOS DE ENFERMER\u00cdA ESCOLAR DE DOS (2) INSTITUCIONES DE LA MODALIDAD DE EDUCACI\u00d3N ESPECIAL DE LA PROVINCIA\u00bb<\/span><\/span><\/p>\n<p>&nbsp;<\/p>\n<p><span style=\"font-size: small;\"><span style=\"font-family: Times New Roman, serif;\">\u00c1REA SOLICITANTE:\u00a0DIRECCI\u00d3N PROVINCIAL DE EDUCACI\u00d3N INCLUSIVA &#8211; MED<\/span><\/span><\/p>\n<p>&nbsp;<\/p>\n<p><span style=\"font-size: small;\"><span style=\"font-family: Times New Roman, serif;\">FECHA DE RECEPCI\u00d3N DE OFERTAS:\u00a0HASTA EL 08\/09\/2026 A LAS 12:00HS.<\/span><\/span><\/p>\n<p>&nbsp;<\/p>\n<p><span style=\"font-size: small;\"><span style=\"font-family: Times New Roman, serif;\">LUGAR DE PRESENTACI\u00d3N DE OFERTAS:\u00a0ONAS 464 (USHUAIA) O\u00a0<a href=\"mailto:comprasycontrataciones@tdf.edu.ar\">COMPRASYCONTRATACIONES@TDF.EDU.AR<\/a><\/span><\/span><\/p>\n<p>&nbsp;<\/p>\n<p><span style=\"font-size: small;\"><span style=\"font-family: Times New Roman, serif;\">APERTURA:\u00a008\/09\/2026 A LAS 12:00HS.<\/span><\/span><\/p>\n<p>&nbsp;<\/p>\n<p><span style=\"font-size: small;\"><span style=\"font-family: Times New Roman, serif;\">DIRECCI\u00d3N:\u00a0ONAS 464 &#8211; USHUAIA\u00a0<\/span><\/span><\/p>\n<p>&nbsp;<\/p>\n<p><span style=\"font-size: small;\"><span style=\"font-family: Times New Roman, serif;\">CONSULTAS:\u00a0<a href=\"mailto:comprasycontrataciones@tdf.edu.ar\">COMPRASYCONTRATACIONES@TDF.EDU.AR<\/a><\/span><\/span><\/p>\n<p align=\"left\"><a href=\"https:\/\/compras.tierradelfuego.gob.ar\/wp-content\/uploads\/2026\/09\/resolucion-ssgal-n-0203-2026-1.pdf\">resolucion-ssgal-n-0203-2026-1<\/a><\/p>\n","protected":false},"excerpt":{"rendered":"<p>CONTRATACI\u00d3N DIRECTA N\u00ba\u00a0 72\/2026 &#8211; LLAMADO\u00a0N\u00ba 01- EXPEDIENTE N\u00ba MED-E-65864-2026. &nbsp; OBJETO:\u00a0\u00abS\/COMPRA DE DOS (2) CAMILLAS DESTINADAS A LOS SERVICIOS DE ENFERMER\u00cdA ESCOLAR DE DOS (2) INSTITUCIONES DE LA MODALIDAD DE EDUCACI\u00d3N ESPECIAL DE LA PROVINCIA\u00bb &nbsp; \u00c1REA SOLICITANTE:\u00a0DIRECCI\u00d3N PROVINCIAL DE EDUCACI\u00d3N INCLUSIVA &#8211; MED &nbsp; FECHA DE RECEPCI\u00d3N DE OFERTAS:\u00a0HASTA EL 08\/09\/2026 A LAS [&hellip;]<\/p>\n","protected":false},"author":17,"featured_media":0,"comment_status":"closed","ping_status":"closed","sticky":false,"template":"","format":"standard","meta":{"footnotes":""},"categories":[3,11,22],"tags":[],"class_list":["post-285365","post","type-post","status-publish","format-standard","hentry","category-compras","category-directa","category-ministerio-de-educacion"],"_links":{"self":[{"href":"https:\/\/compras.tierradelfuego.gob.ar\/index.php?rest_route=\/wp\/v2\/posts\/285365","targetHints":{"allow":["GET"]}}],"collection":[{"href":"https:\/\/compras.tierradelfuego.gob.ar\/index.php?rest_route=\/wp\/v2\/posts"}],"about":[{"href":"https:\/\/compras.tierradelfuego.gob.ar\/index.php?rest_route=\/wp\/v2\/types\/post"}],"author":[{"embeddable":true,"href":"https:\/\/compras.tierradelfuego.gob.ar\/index.php?rest_route=\/wp\/v2\/users\/17"}],"replies":[{"embeddable":true,"href":"https:\/\/compras.tierradelfuego.gob.ar\/index.php?rest_route=%2Fwp%2Fv2%2Fcomments&post=285365"}],"version-history":[{"count":2,"href":"https:\/\/compras.tierradelfuego.gob.ar\/index.php?rest_route=\/wp\/v2\/posts\/285365\/revisions"}],"predecessor-version":[{"id":285368,"href":"https:\/\/compras.tierradelfuego.gob.ar\/index.php?rest_route=\/wp\/v2\/posts\/285365\/revisions\/285368"}],"wp:attachment":[{"href":"https:\/\/compras.tierradelfuego.gob.ar\/index.php?rest_route=%2Fwp%2Fv2%2Fmedia&parent=285365"}],"wp:term":[{"taxonomy":"category","embeddable":true,"href":"https:\/\/compras.tierradelfuego.gob.ar\/index.php?rest_route=%2Fwp%2Fv2%2Fcategories&post=285365"},{"taxonomy":"post_tag","embeddable":true,"href":"https:\/\/compras.tierradelfuego.gob.ar\/index.php?rest_route=%2Fwp%2Fv2%2Ftags&post=285365"}],"curies":[{"name":"wp","href":"https:\/\/api.w.org\/{rel}","templated":true}]}}