{"id":285249,"date":"2026-09-02T12:11:10","date_gmt":"2026-09-02T15:11:10","guid":{"rendered":"https:\/\/compras.tierradelfuego.gob.ar\/?p=285249"},"modified":"2026-09-02T12:12:13","modified_gmt":"2026-09-02T15:12:13","slug":"disposicion-de-adjudicacion-n-1027-2026-compra-directa-n-1637-2026-expediente-n-3390-2026","status":"publish","type":"post","link":"https:\/\/compras.tierradelfuego.gob.ar\/?p=285249","title":{"rendered":"DISPOSICI\u00d3N DE ADJUDICACI\u00d3N N\u00b0 1027\/2026.  COMPRA DIRECTA N\u00b0 1637\/2026 \u2013 EXPEDIENTE N\u00b0 3390\/2026."},"content":{"rendered":"<p><span style=\"font-family: Times New Roman, serif;\"><span style=\"font-size: small;\"><strong>DISPOSICI\u00d3N DE ADJUDICACI\u00d3N N\u00b0 1027\/2026.<\/strong><\/span><\/span><\/p>\n<p><span style=\"font-family: Times New Roman, serif;\">COMPRA DIRECTA N\u00b0 1637\/2026 \u2013 EXPEDIENTE N\u00b0 3390\/2026.<\/span><\/p>\n<p><span style=\"font-family: Times New Roman, serif;\">OBJETO: ADQUISICI\u00d3N DE INSUMOS M\u00c9DICOS.<br \/>\nORGANISMO: OSEF<br \/>\nLOCALIDAD: USHUAIA.<br \/>\nDESTINO: ASISTENCIAL.<br \/>\nTIPO: ADJUDICACI\u00d3N.<\/span><\/p>\n<p>&nbsp;<\/p>\n<p>&nbsp;<\/p>\n<p><a href=\"https:\/\/compras.tierradelfuego.gob.ar\/wp-content\/uploads\/2026\/09\/dca-1027-26.pdf\">dca-1027-26<\/a><\/p>\n","protected":false},"excerpt":{"rendered":"<p>DISPOSICI\u00d3N DE ADJUDICACI\u00d3N N\u00b0 1027\/2026. COMPRA DIRECTA N\u00b0 1637\/2026 \u2013 EXPEDIENTE N\u00b0 3390\/2026. OBJETO: ADQUISICI\u00d3N DE INSUMOS M\u00c9DICOS. ORGANISMO: OSEF LOCALIDAD: USHUAIA. DESTINO: ASISTENCIAL. TIPO: ADJUDICACI\u00d3N. &nbsp; &nbsp; dca-1027-26<\/p>\n","protected":false},"author":17,"featured_media":0,"comment_status":"closed","ping_status":"closed","sticky":false,"template":"","format":"standard","meta":{"footnotes":""},"categories":[186,3,11,139],"tags":[],"class_list":["post-285249","post","type-post","status-publish","format-standard","hentry","category-adjudicadas","category-compras","category-directa","category-obra-social-de-la-provincia-de-tierra-del-fuego-osptf"],"_links":{"self":[{"href":"https:\/\/compras.tierradelfuego.gob.ar\/index.php?rest_route=\/wp\/v2\/posts\/285249","targetHints":{"allow":["GET"]}}],"collection":[{"href":"https:\/\/compras.tierradelfuego.gob.ar\/index.php?rest_route=\/wp\/v2\/posts"}],"about":[{"href":"https:\/\/compras.tierradelfuego.gob.ar\/index.php?rest_route=\/wp\/v2\/types\/post"}],"author":[{"embeddable":true,"href":"https:\/\/compras.tierradelfuego.gob.ar\/index.php?rest_route=\/wp\/v2\/users\/17"}],"replies":[{"embeddable":true,"href":"https:\/\/compras.tierradelfuego.gob.ar\/index.php?rest_route=%2Fwp%2Fv2%2Fcomments&post=285249"}],"version-history":[{"count":1,"href":"https:\/\/compras.tierradelfuego.gob.ar\/index.php?rest_route=\/wp\/v2\/posts\/285249\/revisions"}],"predecessor-version":[{"id":285251,"href":"https:\/\/compras.tierradelfuego.gob.ar\/index.php?rest_route=\/wp\/v2\/posts\/285249\/revisions\/285251"}],"wp:attachment":[{"href":"https:\/\/compras.tierradelfuego.gob.ar\/index.php?rest_route=%2Fwp%2Fv2%2Fmedia&parent=285249"}],"wp:term":[{"taxonomy":"category","embeddable":true,"href":"https:\/\/compras.tierradelfuego.gob.ar\/index.php?rest_route=%2Fwp%2Fv2%2Fcategories&post=285249"},{"taxonomy":"post_tag","embeddable":true,"href":"https:\/\/compras.tierradelfuego.gob.ar\/index.php?rest_route=%2Fwp%2Fv2%2Ftags&post=285249"}],"curies":[{"name":"wp","href":"https:\/\/api.w.org\/{rel}","templated":true}]}}