{"id":285153,"date":"2026-09-01T15:33:01","date_gmt":"2026-09-01T18:33:01","guid":{"rendered":"https:\/\/compras.tierradelfuego.gob.ar\/?p=285153"},"modified":"2026-09-01T15:33:13","modified_gmt":"2026-09-01T18:33:13","slug":"compra-directa-no-32-2026-tribunal-de-cuentas-de-la-provincia-expte-no-227-2026-tcp-ee","status":"publish","type":"post","link":"https:\/\/compras.tierradelfuego.gob.ar\/?p=285153","title":{"rendered":"COMPRA DIRECTA N\u00ba 32\/2026 TRIBUNAL DE CUENTAS DE LA PROVINCIA  EXPTE. N\u00ba 227\/2026 TCP-EE"},"content":{"rendered":"<p align=\"justify\"><span style=\"font-family: Times New Roman, serif;\">COMPRA DIRECTA N\u00ba 32\/2026 TRIBUNAL DE CUENTAS DE LA PROVINCIA<\/span><\/p>\n<p>EXPTE. N\u00ba 227\/2026 TCP-EE<\/p>\n<p>OBJETO: CONTRATACI\u00d3N DEL CP MART\u00cdN EDUARDO NAZZARRO<\/p>\n<p>FECHA L\u00cdMITE PARA LA PRESENTACI\u00d3N DE OFERTA: 2\/9\/2026 A LAS 11HS<\/p>\n<p>&nbsp;<\/p>\n<p>&nbsp;<\/p>\n<p><a href=\"https:\/\/compras.tierradelfuego.gob.ar\/wp-content\/uploads\/2026\/09\/cd-32.pdf\">cd-32<\/a><\/p>\n","protected":false},"excerpt":{"rendered":"<p>COMPRA DIRECTA N\u00ba 32\/2026 TRIBUNAL DE CUENTAS DE LA PROVINCIA EXPTE. N\u00ba 227\/2026 TCP-EE OBJETO: CONTRATACI\u00d3N DEL CP MART\u00cdN EDUARDO NAZZARRO FECHA L\u00cdMITE PARA LA PRESENTACI\u00d3N DE OFERTA: 2\/9\/2026 A LAS 11HS &nbsp; &nbsp; cd-32<\/p>\n","protected":false},"author":17,"featured_media":0,"comment_status":"closed","ping_status":"closed","sticky":false,"template":"","format":"standard","meta":{"footnotes":""},"categories":[3,11,103],"tags":[],"class_list":["post-285153","post","type-post","status-publish","format-standard","hentry","category-compras","category-directa","category-tribunal-de-cuentas"],"_links":{"self":[{"href":"https:\/\/compras.tierradelfuego.gob.ar\/index.php?rest_route=\/wp\/v2\/posts\/285153","targetHints":{"allow":["GET"]}}],"collection":[{"href":"https:\/\/compras.tierradelfuego.gob.ar\/index.php?rest_route=\/wp\/v2\/posts"}],"about":[{"href":"https:\/\/compras.tierradelfuego.gob.ar\/index.php?rest_route=\/wp\/v2\/types\/post"}],"author":[{"embeddable":true,"href":"https:\/\/compras.tierradelfuego.gob.ar\/index.php?rest_route=\/wp\/v2\/users\/17"}],"replies":[{"embeddable":true,"href":"https:\/\/compras.tierradelfuego.gob.ar\/index.php?rest_route=%2Fwp%2Fv2%2Fcomments&post=285153"}],"version-history":[{"count":1,"href":"https:\/\/compras.tierradelfuego.gob.ar\/index.php?rest_route=\/wp\/v2\/posts\/285153\/revisions"}],"predecessor-version":[{"id":285155,"href":"https:\/\/compras.tierradelfuego.gob.ar\/index.php?rest_route=\/wp\/v2\/posts\/285153\/revisions\/285155"}],"wp:attachment":[{"href":"https:\/\/compras.tierradelfuego.gob.ar\/index.php?rest_route=%2Fwp%2Fv2%2Fmedia&parent=285153"}],"wp:term":[{"taxonomy":"category","embeddable":true,"href":"https:\/\/compras.tierradelfuego.gob.ar\/index.php?rest_route=%2Fwp%2Fv2%2Fcategories&post=285153"},{"taxonomy":"post_tag","embeddable":true,"href":"https:\/\/compras.tierradelfuego.gob.ar\/index.php?rest_route=%2Fwp%2Fv2%2Ftags&post=285153"}],"curies":[{"name":"wp","href":"https:\/\/api.w.org\/{rel}","templated":true}]}}