{"id":285069,"date":"2026-09-01T12:52:40","date_gmt":"2026-09-01T15:52:40","guid":{"rendered":"https:\/\/compras.tierradelfuego.gob.ar\/?p=285069"},"modified":"2026-09-01T12:52:53","modified_gmt":"2026-09-01T15:52:53","slug":"adjudicacion-compra-directa-n46-26-raf-109","status":"publish","type":"post","link":"https:\/\/compras.tierradelfuego.gob.ar\/?p=285069","title":{"rendered":"ADJUDICACION &#8211; COMPRA DIRECTA N\u00b046 \/26 RAF 109"},"content":{"rendered":"<p><span style=\"font-size: small;\"><span style=\"font-family: Times New Roman, serif;\">ORDEN DE COMPRA N\u00b0 49\/26 RAF 109.<\/span><\/span><\/p>\n<p>PROVEEDOR: LOPEZ HECTOR DANIEL. C.U.I.T N\u00b0 20-16192239-1<\/p>\n<p>IMPORTE: PESOS SEIS MILLONES OCHOCIENTOS CINCUENTA Y CUATRO MIL CON 00\/100 ($6.854.000,00)<\/p>\n<p><a name=\"x__Hlk127955415\"><\/a> COMPRA DIRECTA N\u00b046 \/26 RAF 109 MEDIANTE LA CUAL SE TRAMIT\u00d3 LA\u00a0COMPRA\u00a0DE COLCHONES PARA GARANTIZAR CONDICIONES DIGNAS DE ALOJAMIENTO, REQUERIDO POR LA SECRETARIA DE ATENCI\u00d3N CIUDADANA E INCLUSI\u00d3N, \u00c1REA DEPENDIENTE DEL MINISTERIO DE BIENESTAR CIUDADANO Y JUSTICIA.<\/p>\n<p>RESOLUCI\u00d3N\u00a0<u>SS. A. C. E I. Z. N. Y C. \u00a0N\u00ba\u00a0 \u00a013\u00a0\u00a0<\/u><u><b>\/<\/b><\/u><u>26<\/u>\u00a0DE APROBACI\u00d3N Y ADJUDICACI\u00d3N DE COMPRA.<\/p>\n<p>&nbsp;<\/p>\n<p><a href=\"https:\/\/compras.tierradelfuego.gob.ar\/wp-content\/uploads\/2026\/09\/13-resolucion-de-inclusion-e-72407-26.pdf\">13-resolucion-de-inclusion-e-72407-26<\/a><\/p>\n<p>&nbsp;<\/p>\n<p><a href=\"https:\/\/compras.tierradelfuego.gob.ar\/wp-content\/uploads\/2026\/09\/orden-de-compra-49.pdf\">orden-de-compra-49<\/a><\/p>\n","protected":false},"excerpt":{"rendered":"<p>ORDEN DE COMPRA N\u00b0 49\/26 RAF 109. PROVEEDOR: LOPEZ HECTOR DANIEL. C.U.I.T N\u00b0 20-16192239-1 IMPORTE: PESOS SEIS MILLONES OCHOCIENTOS CINCUENTA Y CUATRO MIL CON 00\/100 ($6.854.000,00) COMPRA DIRECTA N\u00b046 \/26 RAF 109 MEDIANTE LA CUAL SE TRAMIT\u00d3 LA\u00a0COMPRA\u00a0DE COLCHONES PARA GARANTIZAR CONDICIONES DIGNAS DE ALOJAMIENTO, REQUERIDO POR LA SECRETARIA DE ATENCI\u00d3N CIUDADANA E INCLUSI\u00d3N, \u00c1REA [&hellip;]<\/p>\n","protected":false},"author":17,"featured_media":0,"comment_status":"closed","ping_status":"closed","sticky":false,"template":"","format":"standard","meta":{"footnotes":""},"categories":[186,3,11,202],"tags":[],"class_list":["post-285069","post","type-post","status-publish","format-standard","hentry","category-adjudicadas","category-compras","category-directa","category-ministerio-de-bienestar-ciudadano-y-justicia"],"_links":{"self":[{"href":"https:\/\/compras.tierradelfuego.gob.ar\/index.php?rest_route=\/wp\/v2\/posts\/285069","targetHints":{"allow":["GET"]}}],"collection":[{"href":"https:\/\/compras.tierradelfuego.gob.ar\/index.php?rest_route=\/wp\/v2\/posts"}],"about":[{"href":"https:\/\/compras.tierradelfuego.gob.ar\/index.php?rest_route=\/wp\/v2\/types\/post"}],"author":[{"embeddable":true,"href":"https:\/\/compras.tierradelfuego.gob.ar\/index.php?rest_route=\/wp\/v2\/users\/17"}],"replies":[{"embeddable":true,"href":"https:\/\/compras.tierradelfuego.gob.ar\/index.php?rest_route=%2Fwp%2Fv2%2Fcomments&post=285069"}],"version-history":[{"count":1,"href":"https:\/\/compras.tierradelfuego.gob.ar\/index.php?rest_route=\/wp\/v2\/posts\/285069\/revisions"}],"predecessor-version":[{"id":285072,"href":"https:\/\/compras.tierradelfuego.gob.ar\/index.php?rest_route=\/wp\/v2\/posts\/285069\/revisions\/285072"}],"wp:attachment":[{"href":"https:\/\/compras.tierradelfuego.gob.ar\/index.php?rest_route=%2Fwp%2Fv2%2Fmedia&parent=285069"}],"wp:term":[{"taxonomy":"category","embeddable":true,"href":"https:\/\/compras.tierradelfuego.gob.ar\/index.php?rest_route=%2Fwp%2Fv2%2Fcategories&post=285069"},{"taxonomy":"post_tag","embeddable":true,"href":"https:\/\/compras.tierradelfuego.gob.ar\/index.php?rest_route=%2Fwp%2Fv2%2Ftags&post=285069"}],"curies":[{"name":"wp","href":"https:\/\/api.w.org\/{rel}","templated":true}]}}