{"id":284978,"date":"2026-09-01T09:33:19","date_gmt":"2026-09-01T12:33:19","guid":{"rendered":"https:\/\/compras.tierradelfuego.gob.ar\/?p=284978"},"modified":"2026-09-01T09:35:11","modified_gmt":"2026-09-01T12:35:11","slug":"adjudicacion-compra-directa-n-13-2026-raf-125-mediante-el-e-65285-2026","status":"publish","type":"post","link":"https:\/\/compras.tierradelfuego.gob.ar\/?p=284978","title":{"rendered":"ADJUDICACI\u00d3N &#8211; COMPRA DIRECTA N\u00b0 13-2026 -RAF-125, MEDIANTE EL E-65285-2026"},"content":{"rendered":"<p><span style=\"font-family: Times New Roman, serif;\">ADJUDICACI\u00d3N &#8211; COMPRA DIRECTA N\u00b0 13-2026 -RAF-125, MEDIANTE EL E-65285-2026, QUE TRAMITA LA \u00abLA SOLICITUD DE INSUMOS DE LIBRER\u00cdA DESTINADOS A LA DIRECCI\u00d3N DE GESTI\u00d3N DOCUMENTAL DEPENDIENTE DE LA SECRETAR\u00cdA LEGAL DE GOBIERNO\u00bb.<\/span><\/p>\n<p>&nbsp;<\/p>\n<p>&nbsp;<\/p>\n<p><a href=\"https:\/\/compras.tierradelfuego.gob.ar\/wp-content\/uploads\/2026\/09\/res.-subs.-adm.-35-2026.pdf\">res.-subs.-adm.-35-2026<\/a><\/p>\n","protected":false},"excerpt":{"rendered":"<p>ADJUDICACI\u00d3N &#8211; COMPRA DIRECTA N\u00b0 13-2026 -RAF-125, MEDIANTE EL E-65285-2026, QUE TRAMITA LA \u00abLA SOLICITUD DE INSUMOS DE LIBRER\u00cdA DESTINADOS A LA DIRECCI\u00d3N DE GESTI\u00d3N DOCUMENTAL DEPENDIENTE DE LA SECRETAR\u00cdA LEGAL DE GOBIERNO\u00bb. &nbsp; &nbsp; res.-subs.-adm.-35-2026<\/p>\n","protected":false},"author":17,"featured_media":0,"comment_status":"closed","ping_status":"closed","sticky":false,"template":"","format":"standard","meta":{"footnotes":""},"categories":[186,3,11,34],"tags":[],"class_list":["post-284978","post","type-post","status-publish","format-standard","hentry","category-adjudicadas","category-compras","category-directa","category-secretaria-de-legal-y-tecnica"],"_links":{"self":[{"href":"https:\/\/compras.tierradelfuego.gob.ar\/index.php?rest_route=\/wp\/v2\/posts\/284978","targetHints":{"allow":["GET"]}}],"collection":[{"href":"https:\/\/compras.tierradelfuego.gob.ar\/index.php?rest_route=\/wp\/v2\/posts"}],"about":[{"href":"https:\/\/compras.tierradelfuego.gob.ar\/index.php?rest_route=\/wp\/v2\/types\/post"}],"author":[{"embeddable":true,"href":"https:\/\/compras.tierradelfuego.gob.ar\/index.php?rest_route=\/wp\/v2\/users\/17"}],"replies":[{"embeddable":true,"href":"https:\/\/compras.tierradelfuego.gob.ar\/index.php?rest_route=%2Fwp%2Fv2%2Fcomments&post=284978"}],"version-history":[{"count":1,"href":"https:\/\/compras.tierradelfuego.gob.ar\/index.php?rest_route=\/wp\/v2\/posts\/284978\/revisions"}],"predecessor-version":[{"id":284980,"href":"https:\/\/compras.tierradelfuego.gob.ar\/index.php?rest_route=\/wp\/v2\/posts\/284978\/revisions\/284980"}],"wp:attachment":[{"href":"https:\/\/compras.tierradelfuego.gob.ar\/index.php?rest_route=%2Fwp%2Fv2%2Fmedia&parent=284978"}],"wp:term":[{"taxonomy":"category","embeddable":true,"href":"https:\/\/compras.tierradelfuego.gob.ar\/index.php?rest_route=%2Fwp%2Fv2%2Fcategories&post=284978"},{"taxonomy":"post_tag","embeddable":true,"href":"https:\/\/compras.tierradelfuego.gob.ar\/index.php?rest_route=%2Fwp%2Fv2%2Ftags&post=284978"}],"curies":[{"name":"wp","href":"https:\/\/api.w.org\/{rel}","templated":true}]}}