{"id":284931,"date":"2026-08-31T14:47:15","date_gmt":"2026-08-31T17:47:15","guid":{"rendered":"https:\/\/compras.tierradelfuego.gob.ar\/?p=284931"},"modified":"2026-08-31T14:47:25","modified_gmt":"2026-08-31T17:47:25","slug":"contratacion-directa-n-251-26-525-compulsa-abreviada-expediente-ms-e-61747-26-objeto-adquisicion-de-sillon-odontologico-destinado-al-centro-de-atencion-primaria-de-salud-n","status":"publish","type":"post","link":"https:\/\/compras.tierradelfuego.gob.ar\/?p=284931","title":{"rendered":"CONTRATACI\u00d3N DIRECTA N\u00b0 251\/26-525 &#8211; COMPULSA ABREVIADA &#8211; EXPEDIENTE MS-E-61747-26. \u00a0 OBJETO: \u201cADQUISICI\u00d3N DE SILL\u00d3N ODONTOL\u00d3GICO DESTINADO AL CENTRO DE ATENCI\u00d3N PRIMARIA DE SALUD N\u00b0 2, DEPENDIENTE DEL MINISTERIO DE SALUD DE LA PROVINCIA.\u201d"},"content":{"rendered":"<p>CONTRATACI\u00d3N DIRECTA N\u00b0 251\/26-525 &#8211; COMPULSA ABREVIADA &#8211; EXPEDIENTE MS-E-61747-26.<\/p>\n<p>OBJETO: \u201cADQUISICI\u00d3N DE SILL\u00d3N ODONTOL\u00d3GICO DESTINADO AL CENTRO DE ATENCI\u00d3N PRIMARIA DE SALUD N\u00b0 2, DEPENDIENTE DEL MINISTERIO DE SALUD DE LA PROVINCIA.\u201d<\/p>\n<p>&#8211; FECHA L\u00cdMITE DE PRESENTACI\u00d3N DE OFERTAS: 03\/09\/26, HORA: 12:00HS.<br \/>\n&#8211; LUGAR DE PRESENTACI\u00d3N: CALLE AV. L. ALEM N\u00b0 629 &#8211; 2\u00b0 PISO &#8211; USHUAIA &#8211; CP 9410 &#8211; (DE 09 A 14 HS) O\u00a0COMPRASMS@TIERRADELFUEGO.GOB.AR<\/p>\n<p>PARA CONSULTAS Y ADELANTO DE COTIZACIONES DIRIGIRSE A LA DIRECCI\u00d3N DE CORREO ELECTR\u00d3NICO:\u00a0COMPRASMS@TIERRADELFUEGO.GOB.AR<\/p>\n<p>&nbsp;<\/p>\n<p>&nbsp;<\/p>\n<p><a href=\"https:\/\/compras.tierradelfuego.gob.ar\/wp-content\/uploads\/2026\/08\/disposicion-d.g.a.f-na-000204-26-cde-e-61747-26.pdf\">disposicion-d.g.a.f-na-000204-26-cde-e-61747-26<\/a><\/p>\n","protected":false},"excerpt":{"rendered":"<p>CONTRATACI\u00d3N DIRECTA N\u00b0 251\/26-525 &#8211; COMPULSA ABREVIADA &#8211; EXPEDIENTE MS-E-61747-26. OBJETO: \u201cADQUISICI\u00d3N DE SILL\u00d3N ODONTOL\u00d3GICO DESTINADO AL CENTRO DE ATENCI\u00d3N PRIMARIA DE SALUD N\u00b0 2, DEPENDIENTE DEL MINISTERIO DE SALUD DE LA PROVINCIA.\u201d &#8211; FECHA L\u00cdMITE DE PRESENTACI\u00d3N DE OFERTAS: 03\/09\/26, HORA: 12:00HS. &#8211; LUGAR DE PRESENTACI\u00d3N: CALLE AV. L. ALEM N\u00b0 629 &#8211; 2\u00b0 [&hellip;]<\/p>\n","protected":false},"author":17,"featured_media":0,"comment_status":"closed","ping_status":"closed","sticky":false,"template":"","format":"standard","meta":{"footnotes":""},"categories":[3,11,25],"tags":[],"class_list":["post-284931","post","type-post","status-publish","format-standard","hentry","category-compras","category-directa","category-ministerio-de-salud"],"_links":{"self":[{"href":"https:\/\/compras.tierradelfuego.gob.ar\/index.php?rest_route=\/wp\/v2\/posts\/284931","targetHints":{"allow":["GET"]}}],"collection":[{"href":"https:\/\/compras.tierradelfuego.gob.ar\/index.php?rest_route=\/wp\/v2\/posts"}],"about":[{"href":"https:\/\/compras.tierradelfuego.gob.ar\/index.php?rest_route=\/wp\/v2\/types\/post"}],"author":[{"embeddable":true,"href":"https:\/\/compras.tierradelfuego.gob.ar\/index.php?rest_route=\/wp\/v2\/users\/17"}],"replies":[{"embeddable":true,"href":"https:\/\/compras.tierradelfuego.gob.ar\/index.php?rest_route=%2Fwp%2Fv2%2Fcomments&post=284931"}],"version-history":[{"count":1,"href":"https:\/\/compras.tierradelfuego.gob.ar\/index.php?rest_route=\/wp\/v2\/posts\/284931\/revisions"}],"predecessor-version":[{"id":284933,"href":"https:\/\/compras.tierradelfuego.gob.ar\/index.php?rest_route=\/wp\/v2\/posts\/284931\/revisions\/284933"}],"wp:attachment":[{"href":"https:\/\/compras.tierradelfuego.gob.ar\/index.php?rest_route=%2Fwp%2Fv2%2Fmedia&parent=284931"}],"wp:term":[{"taxonomy":"category","embeddable":true,"href":"https:\/\/compras.tierradelfuego.gob.ar\/index.php?rest_route=%2Fwp%2Fv2%2Fcategories&post=284931"},{"taxonomy":"post_tag","embeddable":true,"href":"https:\/\/compras.tierradelfuego.gob.ar\/index.php?rest_route=%2Fwp%2Fv2%2Ftags&post=284931"}],"curies":[{"name":"wp","href":"https:\/\/api.w.org\/{rel}","templated":true}]}}