{"id":284846,"date":"2026-08-31T11:34:01","date_gmt":"2026-08-31T14:34:01","guid":{"rendered":"https:\/\/compras.tierradelfuego.gob.ar\/?p=284846"},"modified":"2026-08-31T11:35:11","modified_gmt":"2026-08-31T14:35:11","slug":"resolucion-med-no-2887-2026-dejar-sin-efecto-la-contratacion-directa-n-30-26-raf-521","status":"publish","type":"post","link":"https:\/\/compras.tierradelfuego.gob.ar\/?p=284846","title":{"rendered":"RESOLUCI\u00d3N\u00a0MED N\u00ba 2887\/2026\u00a0&#8211;\u00a0DEJAR\u00a0SIN\u00a0EFECTO\u00a0LA CONTRATACI\u00d3N DIRECTA N\u00b0 30\/26 RAF 521"},"content":{"rendered":"<p align=\"justify\"><span style=\"font-size: small;\"><span style=\"font-family: Times New Roman, serif;\">RESOLUCI\u00d3N\u00a0<b>MED N\u00ba 2887\/2026<\/b>\u00a0&#8211;\u00a0DEJAR\u00a0SIN\u00a0EFECTO\u00a0LA CONTRATACI\u00d3N DIRECTA N\u00b0 30\/26 RAF 521<\/span><\/span><\/p>\n<p><u><span style=\"font-family: Times New Roman, serif;\">OBJETO<\/span><\/u>: \u00abRENOVACI\u00d3N DE LA LOCACI\u00d3N DE UN INMUEBLE DESTINADO AL FUNCIONAMIENTO DE DEPENDENCIAS OFICIALES DEL MINISTERIO DE EDUCACI\u00d3N, EN LA CIUDAD DE USHUAIA, POR EL T\u00c9RMINO DE TREINTA Y SEIS (36) MESES<b>\u00ab<\/b><\/p>\n<p>&nbsp;<\/p>\n<p>&nbsp;<\/p>\n<p>&nbsp;<\/p>\n<p><a href=\"https:\/\/compras.tierradelfuego.gob.ar\/wp-content\/uploads\/2026\/08\/nota.pdf\">nota<\/a><\/p>\n<p>&nbsp;<\/p>\n<p><a href=\"https:\/\/compras.tierradelfuego.gob.ar\/wp-content\/uploads\/2026\/08\/resolucion-med-n-2887-2026.pdf\">resolucion-med-n-2887-2026<\/a><\/p>\n","protected":false},"excerpt":{"rendered":"<p>RESOLUCI\u00d3N\u00a0MED N\u00ba 2887\/2026\u00a0&#8211;\u00a0DEJAR\u00a0SIN\u00a0EFECTO\u00a0LA CONTRATACI\u00d3N DIRECTA N\u00b0 30\/26 RAF 521 OBJETO: \u00abRENOVACI\u00d3N DE LA LOCACI\u00d3N DE UN INMUEBLE DESTINADO AL FUNCIONAMIENTO DE DEPENDENCIAS OFICIALES DEL MINISTERIO DE EDUCACI\u00d3N, EN LA CIUDAD DE USHUAIA, POR EL T\u00c9RMINO DE TREINTA Y SEIS (36) MESES\u00ab &nbsp; &nbsp; &nbsp; nota &nbsp; resolucion-med-n-2887-2026<\/p>\n","protected":false},"author":17,"featured_media":0,"comment_status":"closed","ping_status":"closed","sticky":false,"template":"","format":"standard","meta":{"footnotes":""},"categories":[3,11,22],"tags":[],"class_list":["post-284846","post","type-post","status-publish","format-standard","hentry","category-compras","category-directa","category-ministerio-de-educacion"],"_links":{"self":[{"href":"https:\/\/compras.tierradelfuego.gob.ar\/index.php?rest_route=\/wp\/v2\/posts\/284846","targetHints":{"allow":["GET"]}}],"collection":[{"href":"https:\/\/compras.tierradelfuego.gob.ar\/index.php?rest_route=\/wp\/v2\/posts"}],"about":[{"href":"https:\/\/compras.tierradelfuego.gob.ar\/index.php?rest_route=\/wp\/v2\/types\/post"}],"author":[{"embeddable":true,"href":"https:\/\/compras.tierradelfuego.gob.ar\/index.php?rest_route=\/wp\/v2\/users\/17"}],"replies":[{"embeddable":true,"href":"https:\/\/compras.tierradelfuego.gob.ar\/index.php?rest_route=%2Fwp%2Fv2%2Fcomments&post=284846"}],"version-history":[{"count":1,"href":"https:\/\/compras.tierradelfuego.gob.ar\/index.php?rest_route=\/wp\/v2\/posts\/284846\/revisions"}],"predecessor-version":[{"id":284849,"href":"https:\/\/compras.tierradelfuego.gob.ar\/index.php?rest_route=\/wp\/v2\/posts\/284846\/revisions\/284849"}],"wp:attachment":[{"href":"https:\/\/compras.tierradelfuego.gob.ar\/index.php?rest_route=%2Fwp%2Fv2%2Fmedia&parent=284846"}],"wp:term":[{"taxonomy":"category","embeddable":true,"href":"https:\/\/compras.tierradelfuego.gob.ar\/index.php?rest_route=%2Fwp%2Fv2%2Fcategories&post=284846"},{"taxonomy":"post_tag","embeddable":true,"href":"https:\/\/compras.tierradelfuego.gob.ar\/index.php?rest_route=%2Fwp%2Fv2%2Ftags&post=284846"}],"curies":[{"name":"wp","href":"https:\/\/api.w.org\/{rel}","templated":true}]}}