{"id":284479,"date":"2026-08-27T12:28:59","date_gmt":"2026-08-27T15:28:59","guid":{"rendered":"https:\/\/compras.tierradelfuego.gob.ar\/?p=284479"},"modified":"2026-08-27T12:29:18","modified_gmt":"2026-08-27T15:29:18","slug":"pre-adjudicacion-licitacion-publica-raf-418-n-01-26-aref-e-403-2026-2","status":"publish","type":"post","link":"https:\/\/compras.tierradelfuego.gob.ar\/?p=284479","title":{"rendered":"PRE ADJUDICACION &#8211; LICITACI\u00d3N P\u00daBLICA RAF 418 N\u00b0 01-26\u00a0 AREF-E-403-2026"},"content":{"rendered":"<p align=\"justify\">LICITACI\u00d3N P\u00daBLICA RAF 418 N\u00b0 01-26\u00a0 AREF-E-403-2026<\/p>\n<p>OBJETO: \u00abS\/CONTRATACI\u00d3N DE UNA SOLUCI\u00d3N INTEGRAL DE INFRAESTRUCTURA TECNOL\u00d3GICA EN MODALIDAD NUBE PARA EL DESPLIEGUE DEL SISTEMA INTEGRAL TRIBUTARIO DE AREF\u00bb<\/p>\n<p>&nbsp;<\/p>\n<p>\u00c1REA REQUIRENTE: DIRECCI\u00d3N GENERAL TECNOLOG\u00cdA INFORM\u00c1TICA Y COMUNICACIONES DE LA AREF.<\/p>\n<p>&nbsp;<\/p>\n<hr \/>\n<p align=\"justify\">EL DOMICILIO ELECTR\u00d3NICO DECLARADO EN EL REGISTRO DE PROVEEDORES DEL ESTADO DE LA PROVINCIA (PROTDF), SER\u00c1 V\u00c1LIDO PARA CURSAR LAS COMUNICACIONES Y NOTIFICACIONES DURANTE EL PROCEDIMIENTO DE SELECCI\u00d3N, LA EJECUCI\u00d3N DEL CONTRATO, Y PARA LA APLICACI\u00d3N DE SANCIONES EN EL MARCO DEL DECRETO PROVINCIAL N\u00b0 674\/11.<\/p>\n<p align=\"justify\"><a href=\"https:\/\/compras.tierradelfuego.gob.ar\/wp-content\/uploads\/2026\/08\/dictamen-n-02-comision-preadjudicacion-lic-publ-n-01-26-raf-418-e-403-26.pdf\">dictamen-n-02-comision-preadjudicacion-lic-publ-n-01-26-raf-418-e-403-26<\/a><\/p>\n","protected":false},"excerpt":{"rendered":"<p>LICITACI\u00d3N P\u00daBLICA RAF 418 N\u00b0 01-26\u00a0 AREF-E-403-2026 OBJETO: \u00abS\/CONTRATACI\u00d3N DE UNA SOLUCI\u00d3N INTEGRAL DE INFRAESTRUCTURA TECNOL\u00d3GICA EN MODALIDAD NUBE PARA EL DESPLIEGUE DEL SISTEMA INTEGRAL TRIBUTARIO DE AREF\u00bb &nbsp; \u00c1REA REQUIRENTE: DIRECCI\u00d3N GENERAL TECNOLOG\u00cdA INFORM\u00c1TICA Y COMUNICACIONES DE LA AREF. &nbsp; EL DOMICILIO ELECTR\u00d3NICO DECLARADO EN EL REGISTRO DE PROVEEDORES DEL ESTADO DE LA PROVINCIA [&hellip;]<\/p>\n","protected":false},"author":17,"featured_media":0,"comment_status":"closed","ping_status":"closed","sticky":false,"template":"","format":"standard","meta":{"footnotes":""},"categories":[101,3,19],"tags":[],"class_list":["post-284479","post","type-post","status-publish","format-standard","hentry","category-aref","category-compras","category-licitacion-publica"],"_links":{"self":[{"href":"https:\/\/compras.tierradelfuego.gob.ar\/index.php?rest_route=\/wp\/v2\/posts\/284479","targetHints":{"allow":["GET"]}}],"collection":[{"href":"https:\/\/compras.tierradelfuego.gob.ar\/index.php?rest_route=\/wp\/v2\/posts"}],"about":[{"href":"https:\/\/compras.tierradelfuego.gob.ar\/index.php?rest_route=\/wp\/v2\/types\/post"}],"author":[{"embeddable":true,"href":"https:\/\/compras.tierradelfuego.gob.ar\/index.php?rest_route=\/wp\/v2\/users\/17"}],"replies":[{"embeddable":true,"href":"https:\/\/compras.tierradelfuego.gob.ar\/index.php?rest_route=%2Fwp%2Fv2%2Fcomments&post=284479"}],"version-history":[{"count":2,"href":"https:\/\/compras.tierradelfuego.gob.ar\/index.php?rest_route=\/wp\/v2\/posts\/284479\/revisions"}],"predecessor-version":[{"id":284482,"href":"https:\/\/compras.tierradelfuego.gob.ar\/index.php?rest_route=\/wp\/v2\/posts\/284479\/revisions\/284482"}],"wp:attachment":[{"href":"https:\/\/compras.tierradelfuego.gob.ar\/index.php?rest_route=%2Fwp%2Fv2%2Fmedia&parent=284479"}],"wp:term":[{"taxonomy":"category","embeddable":true,"href":"https:\/\/compras.tierradelfuego.gob.ar\/index.php?rest_route=%2Fwp%2Fv2%2Fcategories&post=284479"},{"taxonomy":"post_tag","embeddable":true,"href":"https:\/\/compras.tierradelfuego.gob.ar\/index.php?rest_route=%2Fwp%2Fv2%2Ftags&post=284479"}],"curies":[{"name":"wp","href":"https:\/\/api.w.org\/{rel}","templated":true}]}}