{"id":28176,"date":"2018-11-30T16:15:26","date_gmt":"2018-11-30T19:15:26","guid":{"rendered":"http:\/\/compras.tierradelfuego.gov.ar\/?p=28176"},"modified":"2018-11-30T19:00:33","modified_gmt":"2018-11-30T22:00:33","slug":"compra-directa-n-2918-contratacion-de-un-ingeniero-pa-ra-ser-afectado-al-programa-de-inspeccion-de-obra-del-area-tecnica-del-i-p-v","status":"publish","type":"post","link":"https:\/\/compras.tierradelfuego.gob.ar\/?p=28176","title":{"rendered":"COMPRA DIRECTA N\u00b0  29\/18 &#8211;  CONTRATACI\u00d3N DE UN INGENIERO PA RA SER AFECTADO AL PROGRAMA DE INSPECCI\u00d3N DE OBRA DEL \u00c1REA T\u00c9CNICA DEL I.P.V."},"content":{"rendered":"<p><strong>COMPRA DIRECTA N\u00b0\u00a0 29\/18 &#8211; <\/strong>EXPETE. N\u00b0\u00a0 3126\/18 <strong>&#8211;\u00a0 CONTRATACI\u00d3N DE\u00a0UN INGENIERO PA RA SER AFECTADO AL PROGRAMA DE INSPECCI\u00d3N DE OBRA DEL \u00c1REA T\u00c9CNICA DEL I.P.V.<\/strong><br \/>\n<strong>RECEPCI\u00d3N DE OFERTAS: <\/strong>&#8211; LA PRESENTE CONTRATACI\u00d3N ES MERAMENTE INFORMATIVA, POR LO CUAL NO SE RECIBIR\u00c1N OFERTAS.<\/p>\n<p><strong>LUGAR DE PRESENTACI\u00d3N: &#8211;<\/strong>DIRECTOR PROVINCIAL DE COMPRAS Y CONTRATACIONES \u2013 IPV FRANCISCO GONZALEZ 651 &#8211; USHUAIA<br \/>\n<strong>CONTACTO:<\/strong> TEL\u00c9FONO Y\/O MAIL DE CONTACTO PARA PROVEEDORES EN CASO DE CONSULTAS: (02901) 422-283 INTERNO 1113 \/\u00a0M_ZUNDA@IPVTDF.GOV.AR<\/p>\n<p><strong>PRESUPUESTO OFICIAL:<\/strong> $ 453.000,00<\/p>\n<p><strong><a href=\"http:\/\/compras.tierradelfuego.gov.ar\/wp-content\/uploads\/2018\/11\/COMPRA-DIRECTA-N\u00b0-29-18-IPV.pdf\">DESCARGAR &#8211; COMPRA DIRECTA N\u00b0 29\/18 &#8211; IPV<\/a><\/strong><\/p>\n<p>&nbsp;<\/p>\n","protected":false},"excerpt":{"rendered":"<p>COMPRA DIRECTA N\u00b0\u00a0 29\/18 &#8211; EXPETE. N\u00b0\u00a0 3126\/18 &#8211;\u00a0 CONTRATACI\u00d3N DE\u00a0UN INGENIERO PA RA SER AFECTADO AL PROGRAMA DE INSPECCI\u00d3N DE OBRA DEL \u00c1REA T\u00c9CNICA DEL I.P.V. RECEPCI\u00d3N DE OFERTAS: &#8211; LA PRESENTE CONTRATACI\u00d3N ES MERAMENTE INFORMATIVA, POR LO CUAL NO SE RECIBIR\u00c1N OFERTAS. LUGAR DE PRESENTACI\u00d3N: &#8211;DIRECTOR PROVINCIAL DE COMPRAS Y CONTRATACIONES \u2013 IPV [&hellip;]<\/p>\n","protected":false},"author":1,"featured_media":0,"comment_status":"open","ping_status":"open","sticky":false,"template":"","format":"standard","meta":{"footnotes":""},"categories":[3,11,16],"tags":[],"class_list":["post-28176","post","type-post","status-publish","format-standard","hentry","category-compras","category-directa","category-instituto-provincial-de-la-vivienda-ipv"],"_links":{"self":[{"href":"https:\/\/compras.tierradelfuego.gob.ar\/index.php?rest_route=\/wp\/v2\/posts\/28176","targetHints":{"allow":["GET"]}}],"collection":[{"href":"https:\/\/compras.tierradelfuego.gob.ar\/index.php?rest_route=\/wp\/v2\/posts"}],"about":[{"href":"https:\/\/compras.tierradelfuego.gob.ar\/index.php?rest_route=\/wp\/v2\/types\/post"}],"author":[{"embeddable":true,"href":"https:\/\/compras.tierradelfuego.gob.ar\/index.php?rest_route=\/wp\/v2\/users\/1"}],"replies":[{"embeddable":true,"href":"https:\/\/compras.tierradelfuego.gob.ar\/index.php?rest_route=%2Fwp%2Fv2%2Fcomments&post=28176"}],"version-history":[{"count":0,"href":"https:\/\/compras.tierradelfuego.gob.ar\/index.php?rest_route=\/wp\/v2\/posts\/28176\/revisions"}],"wp:attachment":[{"href":"https:\/\/compras.tierradelfuego.gob.ar\/index.php?rest_route=%2Fwp%2Fv2%2Fmedia&parent=28176"}],"wp:term":[{"taxonomy":"category","embeddable":true,"href":"https:\/\/compras.tierradelfuego.gob.ar\/index.php?rest_route=%2Fwp%2Fv2%2Fcategories&post=28176"},{"taxonomy":"post_tag","embeddable":true,"href":"https:\/\/compras.tierradelfuego.gob.ar\/index.php?rest_route=%2Fwp%2Fv2%2Ftags&post=28176"}],"curies":[{"name":"wp","href":"https:\/\/api.w.org\/{rel}","templated":true}]}}